{"id":2966,"date":"2025-10-20T16:21:33","date_gmt":"2025-10-20T14:21:33","guid":{"rendered":"https:\/\/www.kirchleitn.com\/vacanze-in-famiglia-in-autunno-in-austria-carinzia\/"},"modified":"2025-11-06T11:19:50","modified_gmt":"2025-11-06T10:19:50","slug":"vacanze-in-famiglia-in-autunno-in-austria-carinzia","status":"publish","type":"post","link":"https:\/\/www.kirchleitn.com\/it\/vacanze-in-famiglia-in-autunno-in-austria-carinzia\/","title":{"rendered":"Vacanze in famiglia in autunno in Austria, Carinzia"},"content":{"rendered":"<p><div class=\"fusion-fullwidth fullwidth-box fusion-builder-row-1 fusion-flex-container has-pattern-background has-mask-background hundred-percent-fullwidth non-hundred-percent-height-scrolling\" style=\"--awb-border-radius-top-left:0px;--awb-border-radius-top-right:0px;--awb-border-radius-bottom-right:0px;--awb-border-radius-bottom-left:0px;--awb-padding-top:0px;--awb-padding-right:0px;--awb-padding-bottom:0px;--awb-padding-left:0px;--awb-margin-bottom:0px;--awb-min-height:800px;--awb-background-color:rgba(79,74,74,0.64);--awb-background-image:linear-gradient(180deg, rgba(79,74,74,0.6) 0%,rgba(79,74,74,0.48) 100%);--awb-flex-wrap:wrap;\" ><div class=\"awb-background-slider\" data-type=\"container\" data-loop=\"yes\" data-animation=\"fade\" data-slideshow-speed=\"5000\" data-animation-speed=\"800\" data-direction=\"up\" style=\"--awb-image-position:47% 42%;mix-blend-mode:overlay;\"><div class=\"swiper-wrapper\"><div class=\"swiper-slide\"><img decoding=\"async\" width=\"1920\" height=\"1280\" src=\"https:\/\/www.kirchleitn.com\/wp-content\/uploads\/2025\/10\/familienurlaub-herbst-oesterreich-kaernten-3.webp\" class=\"awb-background-slider__image\" alt=\"Vacanze in famiglia in autunno in Austria, Carinzia \u2013 Famiglia con cane e bambino in pausa sulla Brunnach presso il Castello Rosso\" srcset=\"https:\/\/www.kirchleitn.com\/wp-content\/uploads\/2025\/10\/familienurlaub-herbst-oesterreich-kaernten-3-200x133.webp 200w, https:\/\/www.kirchleitn.com\/wp-content\/uploads\/2025\/10\/familienurlaub-herbst-oesterreich-kaernten-3-300x200.webp 300w, https:\/\/www.kirchleitn.com\/wp-content\/uploads\/2025\/10\/familienurlaub-herbst-oesterreich-kaernten-3-400x267.webp 400w, https:\/\/www.kirchleitn.com\/wp-content\/uploads\/2025\/10\/familienurlaub-herbst-oesterreich-kaernten-3-600x400.webp 600w, https:\/\/www.kirchleitn.com\/wp-content\/uploads\/2025\/10\/familienurlaub-herbst-oesterreich-kaernten-3-768x512.webp 768w, https:\/\/www.kirchleitn.com\/wp-content\/uploads\/2025\/10\/familienurlaub-herbst-oesterreich-kaernten-3-800x533.webp 800w, https:\/\/www.kirchleitn.com\/wp-content\/uploads\/2025\/10\/familienurlaub-herbst-oesterreich-kaernten-3-1024x683.webp 1024w, https:\/\/www.kirchleitn.com\/wp-content\/uploads\/2025\/10\/familienurlaub-herbst-oesterreich-kaernten-3-1200x800.webp 1200w, https:\/\/www.kirchleitn.com\/wp-content\/uploads\/2025\/10\/familienurlaub-herbst-oesterreich-kaernten-3-1536x1024.webp 1536w, https:\/\/www.kirchleitn.com\/wp-content\/uploads\/2025\/10\/familienurlaub-herbst-oesterreich-kaernten-3.webp 1920w\" sizes=\"(max-width: 1920px) 100vw, 1920px\" \/><\/div><\/div><\/div><div class=\"fusion-builder-row fusion-row fusion-flex-align-items-flex-start fusion-flex-content-wrap\" style=\"width:104% !important;max-width:104% !important;margin-left: calc(-4% \/ 2 );margin-right: calc(-4% \/ 2 );\"><div class=\"fusion-layout-column fusion_builder_column fusion-builder-column-0 fusion_builder_column_1_1 1_1 fusion-flex-column fusion-flex-align-self-stretch\" style=\"--awb-bg-size:cover;--awb-width-large:100%;--awb-margin-top-large:0px;--awb-spacing-right-large:1.92%;--awb-margin-bottom-large:0px;--awb-spacing-left-large:1.92%;--awb-width-medium:100%;--awb-order-medium:0;--awb-spacing-right-medium:1.92%;--awb-spacing-left-medium:1.92%;--awb-width-small:100%;--awb-order-small:0;--awb-spacing-right-small:1.92%;--awb-spacing-left-small:1.92%;\"><div class=\"fusion-column-wrapper fusion-column-has-shadow fusion-flex-justify-content-center fusion-content-layout-column\"><div class=\"fusion-title title fusion-title-1 fusion-sep-none fusion-title-center fusion-title-text fusion-title-size-one\" style=\"--awb-text-color:var(--awb-color1);--awb-margin-right:6em;--awb-margin-left:6em;--awb-margin-top-small:10px;--awb-margin-right-small:2em;--awb-margin-bottom-small:10px;--awb-margin-left-small:2em;--awb-font-size:35px;\"><h1 class=\"fusion-title-heading title-heading-center\" style=\"font-family:&quot;HarlowSerifplane&quot;;font-style:normal;font-weight:400;margin:0;font-size:1em;\">Vacanze in famiglia in autunno in Austria, Carinzia<\/h1><\/div><\/div><\/div><\/div><\/div><div class=\"fusion-fullwidth fullwidth-box fusion-builder-row-2 fusion-flex-container has-pattern-background has-mask-background hundred-percent-fullwidth non-hundred-percent-height-scrolling\" style=\"--awb-border-radius-top-left:0px;--awb-border-radius-top-right:0px;--awb-border-radius-bottom-right:0px;--awb-border-radius-bottom-left:0px;--awb-padding-top:2em;--awb-padding-right:6em;--awb-padding-bottom:2em;--awb-padding-left:6em;--awb-padding-top-small:2em;--awb-padding-right-small:2em;--awb-padding-bottom-small:2em;--awb-padding-left-small:2em;--awb-background-color:var(--awb-color2);--awb-flex-wrap:wrap;\" ><div class=\"fusion-builder-row fusion-row fusion-flex-align-items-flex-start fusion-flex-content-wrap\" style=\"width:104% !important;max-width:104% !important;margin-left: calc(-4% \/ 2 );margin-right: calc(-4% \/ 2 );\"><div class=\"fusion-layout-column fusion_builder_column fusion-builder-column-1 fusion_builder_column_1_1 1_1 fusion-flex-column\" style=\"--awb-bg-size:cover;--awb-width-large:100%;--awb-margin-top-large:0px;--awb-spacing-right-large:1.92%;--awb-margin-bottom-large:20px;--awb-spacing-left-large:1.92%;--awb-width-medium:100%;--awb-order-medium:0;--awb-spacing-right-medium:1.92%;--awb-spacing-left-medium:1.92%;--awb-width-small:100%;--awb-order-small:0;--awb-spacing-right-small:1.92%;--awb-spacing-left-small:1.92%;\"><div class=\"fusion-column-wrapper fusion-column-has-shadow fusion-flex-justify-content-flex-start fusion-content-layout-column\"><div class=\"fusion-title title fusion-title-2 fusion-sep-none fusion-title-text fusion-title-size-two\" style=\"--awb-margin-top-small:10px;--awb-margin-right-small:0px;--awb-margin-bottom-small:10px;--awb-margin-left-small:0px;--awb-font-size:40px;\"><h2 class=\"fusion-title-heading title-heading-left\" style=\"font-family:&quot;HarlowSerifplane&quot;;font-style:normal;font-weight:400;margin:0;font-size:1em;\">Perch\u00e9 le vacanze autunnali in Austria sono ideali per gli amanti della natura&#8230;<\/h2><\/div><div class=\"fusion-title title fusion-title-3 fusion-sep-none fusion-title-text fusion-title-size-three\" style=\"--awb-text-color:var(--awb-color6);--awb-margin-top-small:10px;--awb-margin-right-small:0px;--awb-margin-bottom-small:10px;--awb-margin-left-small:0px;--awb-font-size:22px;\"><h3 class=\"fusion-title-heading title-heading-left\" style=\"font-family:&quot;Outfit&quot;;font-style:normal;font-weight:600;margin:0;font-size:1em;\">Vivi giornate autunnali dorate e vero tempo in famiglia in Carinzia<\/h3><\/div><div class=\"fusion-text fusion-text-1\" style=\"--awb-text-font-family:&quot;Outfit&quot;;--awb-text-font-style:normal;--awb-text-font-weight:300;\"><p>Quando le montagne intorno a Bad Kleinkirchheim si trasformano in un mare di colori dorati, rossi e arancioni, inizia una delle stagioni pi\u00f9 incantevoli per la <a href=\"https:\/\/www.kirchleitn.com\/entspannter-familienurlaub-slow-travel-mit-kindern\/\">vacanza con bambini in Austria<\/a>. Il <a href=\"https:\/\/www.kirchleitn.com\/it\/vacanze-estive-in-famiglia-carinzia\/\">trambusto estivo<\/a> \u00e8 finito, le temperature sono piacevolmente miti e la natura invita a viverla con tutti i sensi. <\/p>\n<p>Proprio per le famiglie con bambini, le vacanze autunnali sono ideali per stare insieme all&#8217;aperto, trovare la pace e godersi preziosi momenti in famiglia. <b>Niente scuola significa: tempo per scatenarsi, fare escursioni e meravigliarsi \u2013 senza grande caldo, senza folla.<\/b><\/p>\n<p>Al Slow Travel Resort Kirchleitn a Bad Kleinkirchheim, Carinzia, la <a href=\"https:\/\/www.kirchleitn.com\/erholung-entschleunigung-und-achtsamkeit-im-urlaub\/\">vacanza consapevole \u00e8 al centro<\/a>. Qui le famiglie possono rallentare, vivere al ritmo della natura e godersi un&#8217;indimenticabile <a href=\"https:\/\/www.kirchleitn.com\/it\/vacanze-in-famiglia-in-autunno-in-austria-carinzia\/\">pausa nell&#8217;autunno dorato<\/a>. <\/p>\n<\/div><div ><a class=\"fusion-button button-flat fusion-button-default-size button-custom fusion-button-default button-1 fusion-button-default-span fusion-button-default-type\" style=\"--button_accent_color:var(--awb-color1);--button_accent_hover_color:var(--awb-color1);--button_border_hover_color:var(--awb-color1);--button-border-radius-top-left:0;--button-border-radius-top-right:0;--button-border-radius-bottom-right:0;--button-border-radius-bottom-left:0;--button_gradient_top_color:var(--awb-custom_color_1);--button_gradient_bottom_color:var(--awb-custom_color_1);--button_gradient_top_color_hover:var(--awb-color5);--button_gradient_bottom_color_hover:var(--awb-color5);\" target=\"_blank\" rel=\"noopener noreferrer\" data-hover=\"bg_slide_right\" role=\"button\" href=\"https:\/\/app.mews.com\/distributor\/3f8a3688-1c05-4aad-809c-afe70078fd90\"><span class=\"fusion-button-text awb-button__text awb-button__text--default fusion-button-text-right\">Prenota subito un appartamento per le vacanze autunnali<\/span><span class=\"fusion-button-icon-divider button-icon-divider-right\"><i class=\"fa-angle-double-right fas awb-button__icon awb-button__icon--default\" aria-hidden=\"true\"><\/i><\/span><\/a><\/div><\/div><\/div><\/div><\/div><div class=\"fusion-fullwidth fullwidth-box fusion-builder-row-3 fusion-flex-container has-pattern-background has-mask-background hundred-percent-fullwidth non-hundred-percent-height-scrolling\" style=\"--awb-border-radius-top-left:0px;--awb-border-radius-top-right:0px;--awb-border-radius-bottom-right:0px;--awb-border-radius-bottom-left:0px;--awb-padding-top:0px;--awb-padding-right:6em;--awb-padding-bottom:4em;--awb-padding-left:6em;--awb-padding-top-small:2em;--awb-padding-right-small:2em;--awb-padding-bottom-small:2em;--awb-padding-left-small:2em;--awb-background-color:var(--awb-color2);--awb-flex-wrap:wrap;\" ><div class=\"fusion-builder-row fusion-row fusion-flex-align-items-flex-start fusion-flex-content-wrap\" style=\"width:104% !important;max-width:104% !important;margin-left: calc(-4% \/ 2 );margin-right: calc(-4% \/ 2 );\"><div class=\"fusion-layout-column fusion_builder_column fusion-builder-column-2 fusion_builder_column_1_1 1_1 fusion-flex-column\" style=\"--awb-bg-size:cover;--awb-width-large:100%;--awb-margin-top-large:0px;--awb-spacing-right-large:1.92%;--awb-margin-bottom-large:0px;--awb-spacing-left-large:1.92%;--awb-width-medium:100%;--awb-order-medium:0;--awb-spacing-right-medium:1.92%;--awb-spacing-left-medium:1.92%;--awb-width-small:100%;--awb-order-small:0;--awb-spacing-right-small:1.92%;--awb-spacing-left-small:1.92%;\"><div class=\"fusion-column-wrapper fusion-column-has-shadow fusion-flex-justify-content-flex-start fusion-content-layout-column\"><div class=\"fusion-title title fusion-title-4 fusion-sep-none fusion-title-text fusion-title-size-three\" style=\"--awb-margin-top-small:10px;--awb-margin-right-small:0px;--awb-margin-bottom-small:10px;--awb-margin-left-small:0px;--awb-font-size:40px;\"><h3 class=\"fusion-title-heading title-heading-left\" style=\"font-family:&quot;HarlowSerifplane&quot;;font-style:normal;font-weight:400;margin:0;font-size:1em;\">Cosa rende cos\u00ec speciali le vacanze autunnali con bambini a Bad Kleinkirchheim?<\/h3><\/div><\/div><\/div><div class=\"fusion-layout-column fusion_builder_column fusion-builder-column-3 fusion_builder_column_1_2 1_2 fusion-flex-column\" style=\"--awb-bg-size:cover;--awb-width-large:50%;--awb-margin-top-large:0px;--awb-spacing-right-large:3.84%;--awb-margin-bottom-large:0px;--awb-spacing-left-large:3.84%;--awb-width-medium:50%;--awb-order-medium:0;--awb-spacing-right-medium:3.84%;--awb-spacing-left-medium:3.84%;--awb-width-small:100%;--awb-order-small:0;--awb-spacing-right-small:1.92%;--awb-spacing-left-small:1.92%;\"><div class=\"fusion-column-wrapper fusion-column-has-shadow fusion-flex-justify-content-flex-start fusion-content-layout-column\"><div class=\"fusion-title title fusion-title-5 fusion-sep-none fusion-title-text fusion-title-size-three\" style=\"--awb-text-color:var(--awb-color6);--awb-margin-top-small:10px;--awb-margin-right-small:0px;--awb-margin-bottom-small:10px;--awb-margin-left-small:0px;--awb-font-size:22px;\"><h3 class=\"fusion-title-heading title-heading-left\" style=\"font-family:&quot;Outfit&quot;;font-style:normal;font-weight:600;margin:0;font-size:1em;\">Esperienze tra larici colorati, aria di montagna limpida e autentici momenti alpini<\/h3><\/div><div class=\"fusion-text fusion-text-2\"><p>Bad Kleinkirchheim \u00e8 immersa nel <b>Parco della Biosfera UNESCO Nockberge<\/b>, uno dei paesaggi naturali pi\u00f9 incontaminati e suggestivi dell&#8217;Austria.<\/p>\n<p><strong>Proprio in autunno la regione si mostra dal suo lato pi\u00f9 colorato:<\/strong><br \/>larici dorati, arbusti rosso brillante, vista chiara fino alle cime.<\/p>\n<\/div><div class=\"fusion-title title fusion-title-6 fusion-sep-none fusion-title-text fusion-title-size-four\" style=\"--awb-text-color:var(--awb-color6);--awb-margin-top-small:10px;--awb-margin-right-small:0px;--awb-margin-bottom-small:10px;--awb-margin-left-small:0px;--awb-font-size:22px;\"><h4 class=\"fusion-title-heading title-heading-left\" style=\"font-family:&quot;Outfit&quot;;font-style:normal;font-weight:600;margin:0;font-size:1em;\">Questo attende le famiglie durante le vacanze autunnali nei Nockberge:<\/h4><\/div><div class=\"fusion-text fusion-text-3\"><ul>\n<li><strong>Passeggiate<\/strong> attraverso boschi colorati<\/li>\n<li><strong>Raccogliere funghi<\/strong>: finferli, porcini &amp; Co.<\/li>\n<li><strong>Degustare bacche<\/strong>: mirtilli rossi e mirtilli<\/li>\n<li><strong>Osservare animali<\/strong>: caprioli, cervi, marmotte e rapaci<\/li>\n<li><strong><a href=\"https:\/\/www.kirchleitn.com\/it\/vacanze-escursionistiche-con-bambini-a-bad-kleinkirchheim-carinzia\/\">Sentieri escursionistici adatti alle famiglie<\/a><\/strong> e tour variegati<\/li>\n<li><strong>Funivie<\/strong> per rilassanti escursioni in quota con vista panoramica<\/li>\n<li>Accoglienti rifugi alpini con <strong>cucina regionale<\/strong><\/li>\n<li><strong>Parchi giochi<\/strong> per scatenarsi e sfogarsi<\/li>\n<\/ul>\n<\/div><\/div><\/div><div class=\"fusion-layout-column fusion_builder_column fusion-builder-column-4 fusion_builder_column_1_2 1_2 fusion-flex-column fusion-flex-align-self-stretch\" style=\"--awb-padding-top:20em;--awb-padding-right:8em;--awb-padding-bottom:1em;--awb-padding-left:8em;--awb-bg-image:url(&#039;https:\/\/www.kirchleitn.com\/wp-content\/uploads\/2025\/10\/familienurlaub-im-herbst-oesterreich.webp&#039;);--awb-bg-position:center center;--awb-bg-size:cover;--awb-width-large:50%;--awb-margin-top-large:0px;--awb-spacing-right-large:0%;--awb-margin-bottom-large:0px;--awb-spacing-left-large:0%;--awb-width-medium:50%;--awb-order-medium:0;--awb-spacing-right-medium:0%;--awb-spacing-left-medium:0%;--awb-width-small:100%;--awb-order-small:0;--awb-spacing-right-small:1.92%;--awb-spacing-left-small:1.92%;\"><div class=\"fusion-column-wrapper fusion-column-has-shadow fusion-flex-justify-content-space-between fusion-content-layout-column fusion-empty-column-bg-image fusion-column-has-bg-image\" data-bg-url=\"https:\/\/www.kirchleitn.com\/wp-content\/uploads\/2025\/10\/familienurlaub-im-herbst-oesterreich.webp\"><img decoding=\"async\" class=\"fusion-empty-dims-img-placeholder\" alt=\"Familienurlaub im Herbst in \u00d6sterreich, K\u00e4rnten \u2013 Familie mit Hund und Baby macht Pause beim Wandern auf der Brunnach\" aria-label=\"Familie mit Hund und Baby beim Wandern\" src=\"data:image\/svg+xml,%3Csvg%20xmlns%3D%27http%3A%2F%2Fwww.w3.org%2F2000%2Fsvg%27%20width%3D%271000%27%20height%3D%27667%27%20viewBox%3D%270%200%201000%20667%27%3E%3Crect%20width%3D%271000%27%20height%3D%27667%27%20fill-opacity%3D%220%22%2F%3E%3C%2Fsvg%3E\"><\/div><\/div><\/div><\/div><div class=\"fusion-fullwidth fullwidth-box fusion-builder-row-4 fusion-flex-container has-pattern-background has-mask-background hundred-percent-fullwidth non-hundred-percent-height-scrolling\" style=\"--awb-border-radius-top-left:0px;--awb-border-radius-top-right:0px;--awb-border-radius-bottom-right:0px;--awb-border-radius-bottom-left:0px;--awb-padding-top:2em;--awb-padding-right:6em;--awb-padding-bottom:2em;--awb-padding-left:6em;--awb-padding-top-small:2em;--awb-padding-right-small:2em;--awb-padding-bottom-small:2em;--awb-padding-left-small:2em;--awb-background-color:var(--awb-custom_color_2);--awb-flex-wrap:wrap;\" ><div class=\"fusion-builder-row fusion-row fusion-flex-align-items-flex-start fusion-flex-content-wrap\" style=\"width:104% !important;max-width:104% !important;margin-left: calc(-4% \/ 2 );margin-right: calc(-4% \/ 2 );\"><div class=\"fusion-layout-column fusion_builder_column fusion-builder-column-5 fusion_builder_column_1_1 1_1 fusion-flex-column\" style=\"--awb-bg-size:cover;--awb-width-large:100%;--awb-margin-top-large:0px;--awb-spacing-right-large:1.92%;--awb-margin-bottom-large:20px;--awb-spacing-left-large:1.92%;--awb-width-medium:100%;--awb-order-medium:0;--awb-spacing-right-medium:1.92%;--awb-spacing-left-medium:1.92%;--awb-width-small:100%;--awb-order-small:0;--awb-spacing-right-small:1.92%;--awb-spacing-left-small:1.92%;\"><div class=\"fusion-column-wrapper fusion-column-has-shadow fusion-flex-justify-content-flex-start fusion-content-layout-column\"><div class=\"fusion-title title fusion-title-7 fusion-sep-none fusion-title-text fusion-title-size-three\" style=\"--awb-text-color:var(--awb-color1);--awb-margin-top-small:10px;--awb-margin-right-small:0px;--awb-margin-bottom-small:10px;--awb-margin-left-small:0px;--awb-font-size:40px;\"><h3 class=\"fusion-title-heading title-heading-left\" style=\"font-family:&quot;HarlowSerifplane&quot;;font-style:normal;font-weight:400;margin:0;font-size:1em;\">Speciale highlight autunnale <em>(met\u00e0 settembre a met\u00e0 ottobre)<\/em>:<\/h3><\/div><div class=\"fusion-text fusion-text-4\" style=\"--awb-text-color:var(--awb-color1);--awb-text-font-family:&quot;Outfit&quot;;--awb-text-font-style:normal;--awb-text-font-weight:300;\"><p>Il bramito dei cervi nel Parco della Biosfera: un&#8217;esperienza naturale impressionante che le famiglie, con un po&#8217; di fortuna, possono scoprire da sole. Al mattino presto o al crepuscolo, il potente bramito dei cervi si pu\u00f2 sentire in molte parti della valle \u2013 un momento che rimane a lungo nella memoria di bambini e adulti.<\/p>\n<\/div><div ><a class=\"fusion-button button-flat fusion-button-default-size button-custom fusion-button-default button-2 fusion-button-default-span fusion-button-default-type\" style=\"--button_accent_color:var(--awb-color1);--button_accent_hover_color:var(--awb-color1);--button_border_hover_color:var(--awb-color1);--button-border-radius-top-left:0;--button-border-radius-top-right:0;--button-border-radius-bottom-right:0;--button-border-radius-bottom-left:0;--button_gradient_top_color:var(--awb-custom_color_1);--button_gradient_bottom_color:var(--awb-custom_color_1);--button_gradient_top_color_hover:var(--awb-color5);--button_gradient_bottom_color_hover:var(--awb-color5);\" target=\"_blank\" rel=\"noopener noreferrer\" data-hover=\"bg_slide_right\" role=\"button\" href=\"https:\/\/www.kirchleitn.com\/it\/appartamenti-a-bad-kleinkirchheim-carinzia\/\"><span class=\"fusion-button-text awb-button__text awb-button__text--default fusion-button-text-right\">Agli appartamenti per le vacanze autunnali in Carinzia<\/span><span class=\"fusion-button-icon-divider button-icon-divider-right\"><i class=\"fa-angle-double-right fas awb-button__icon awb-button__icon--default\" aria-hidden=\"true\"><\/i><\/span><\/a><\/div><\/div><\/div><\/div><\/div><div class=\"fusion-fullwidth fullwidth-box fusion-builder-row-5 fusion-flex-container has-pattern-background has-mask-background hundred-percent-fullwidth non-hundred-percent-height-scrolling\" style=\"--awb-border-radius-top-left:0px;--awb-border-radius-top-right:0px;--awb-border-radius-bottom-right:0px;--awb-border-radius-bottom-left:0px;--awb-padding-top:2em;--awb-padding-right:6em;--awb-padding-bottom:4em;--awb-padding-left:6em;--awb-padding-top-small:2em;--awb-padding-right-small:2em;--awb-padding-bottom-small:2em;--awb-padding-left-small:2em;--awb-background-color:var(--awb-color2);--awb-flex-wrap:wrap;\" ><div class=\"fusion-builder-row fusion-row fusion-flex-align-items-flex-start fusion-flex-content-wrap\" style=\"width:104% !important;max-width:104% !important;margin-left: calc(-4% \/ 2 );margin-right: calc(-4% \/ 2 );\"><div class=\"fusion-layout-column fusion_builder_column fusion-builder-column-6 fusion_builder_column_1_1 1_1 fusion-flex-column\" style=\"--awb-bg-size:cover;--awb-width-large:100%;--awb-margin-top-large:0px;--awb-spacing-right-large:1.92%;--awb-margin-bottom-large:0px;--awb-spacing-left-large:1.92%;--awb-width-medium:100%;--awb-order-medium:0;--awb-spacing-right-medium:1.92%;--awb-spacing-left-medium:1.92%;--awb-width-small:100%;--awb-order-small:0;--awb-spacing-right-small:1.92%;--awb-spacing-left-small:1.92%;\"><div class=\"fusion-column-wrapper fusion-column-has-shadow fusion-flex-justify-content-flex-start fusion-content-layout-column\"><div class=\"fusion-title title fusion-title-8 fusion-sep-none fusion-title-text fusion-title-size-three\" style=\"--awb-margin-top-small:10px;--awb-margin-right-small:0px;--awb-margin-bottom-small:10px;--awb-margin-left-small:0px;--awb-font-size:40px;\"><h3 class=\"fusion-title-heading title-heading-left\" style=\"font-family:&quot;HarlowSerifplane&quot;;font-style:normal;font-weight:400;margin:0;font-size:1em;\">Quali vantaggi offre il Slow Travel Resort Kirchleitn come alloggio per famiglie?<\/h3><\/div><\/div><\/div><div class=\"fusion-layout-column fusion_builder_column fusion-builder-column-7 fusion_builder_column_1_2 1_2 fusion-flex-column fusion-flex-align-self-stretch\" style=\"--awb-padding-top:20em;--awb-padding-right:8em;--awb-padding-bottom:1em;--awb-padding-left:8em;--awb-bg-image:url(&#039;https:\/\/www.kirchleitn.com\/wp-content\/uploads\/2025\/10\/urlaub-kinder-bad-kleinkirchheim-feriendorf.webp&#039;);--awb-bg-position:center center;--awb-bg-size:cover;--awb-width-large:50%;--awb-margin-top-large:0px;--awb-spacing-right-large:0%;--awb-margin-bottom-large:0px;--awb-spacing-left-large:0%;--awb-width-medium:50%;--awb-order-medium:0;--awb-spacing-right-medium:0%;--awb-spacing-left-medium:0%;--awb-width-small:100%;--awb-order-small:0;--awb-spacing-right-small:1.92%;--awb-spacing-left-small:1.92%;\"><div class=\"fusion-column-wrapper fusion-column-has-shadow fusion-flex-justify-content-space-between fusion-content-layout-column fusion-empty-column-bg-image fusion-column-has-bg-image\" data-bg-url=\"https:\/\/www.kirchleitn.com\/wp-content\/uploads\/2025\/10\/urlaub-kinder-bad-kleinkirchheim-feriendorf.webp\"><img decoding=\"async\" class=\"fusion-empty-dims-img-placeholder\" alt=\"Vacanze in famiglia in autunno in Austria, Carinzia \u2013 i bambini giocano al parco giochi acquatico nel villaggio turistico Kirchleitn\" aria-label=\"Parco giochi acquatico a Kirchleitn\" src=\"data:image\/svg+xml,%3Csvg%20xmlns%3D%27http%3A%2F%2Fwww.w3.org%2F2000%2Fsvg%27%20width%3D%271000%27%20height%3D%27667%27%20viewBox%3D%270%200%201000%20667%27%3E%3Crect%20width%3D%271000%27%20height%3D%27667%27%20fill-opacity%3D%220%22%2F%3E%3C%2Fsvg%3E\"><\/div><\/div><div class=\"fusion-layout-column fusion_builder_column fusion-builder-column-8 fusion_builder_column_1_2 1_2 fusion-flex-column\" style=\"--awb-bg-size:cover;--awb-width-large:50%;--awb-margin-top-large:0px;--awb-spacing-right-large:3.84%;--awb-margin-bottom-large:0px;--awb-spacing-left-large:3.84%;--awb-width-medium:50%;--awb-order-medium:0;--awb-spacing-right-medium:3.84%;--awb-spacing-left-medium:3.84%;--awb-width-small:100%;--awb-order-small:0;--awb-spacing-right-small:1.92%;--awb-spacing-left-small:1.92%;\"><div class=\"fusion-column-wrapper fusion-column-has-shadow fusion-flex-justify-content-flex-start fusion-content-layout-column\"><div class=\"fusion-title title fusion-title-9 fusion-sep-none fusion-title-text fusion-title-size-three\" style=\"--awb-text-color:var(--awb-color6);--awb-margin-top-small:10px;--awb-margin-right-small:0px;--awb-margin-bottom-small:10px;--awb-margin-left-small:0px;--awb-font-size:22px;\"><h3 class=\"fusion-title-heading title-heading-left\" style=\"font-family:&quot;Outfit&quot;;font-style:normal;font-weight:600;margin:0;font-size:1em;\">Vero tempo in famiglia lontano dal traffico e dal rumore nel resort per famiglie senza auto<\/h3><\/div><div class=\"fusion-text fusion-text-5\"><p>Il villaggio turistico Kirchleitn a Bad Kleinkirchheim \u00e8 fatto apposta per le famiglie che amano la natura. Tra le rustiche case coloniche, i bambini trovano ampi spazi per scatenarsi in <a href=\"https:\/\/www.kirchleitn.com\/it\/vacanze-con-bambini-a-bad-kleinkirchheim-carinzia\/\">aree giochi<\/a> curate con amore. I genitori si godono momenti di tranquillit\u00e0 e insieme, durante le vacanze autunnali in montagna, nascono veri momenti di felicit\u00e0. <\/p>\n<\/div><div class=\"fusion-title title fusion-title-10 fusion-sep-none fusion-title-text fusion-title-size-four\" style=\"--awb-text-color:var(--awb-color6);--awb-margin-top-small:10px;--awb-margin-right-small:0px;--awb-margin-bottom-small:10px;--awb-margin-left-small:0px;--awb-font-size:22px;\"><h4 class=\"fusion-title-heading title-heading-left\" style=\"font-family:&quot;Outfit&quot;;font-style:normal;font-weight:600;margin:0;font-size:1em;\">Perch\u00e9 le famiglie amano Kirchleitn:<\/h4><\/div><div class=\"fusion-text fusion-text-6\"><ul>\n<li><strong>Villaggio turistico senza auto<\/strong> con molta libert\u00e0 di movimento<\/li>\n<li><strong>Parco giochi di sabbia<\/strong> &amp; <strong>area giochi acquatica<\/strong> per esploratori creativi<\/li>\n<li><strong>Torre da arrampicata<\/strong> per scatenarsi<\/li>\n<li><strong>Sala giochi interna<\/strong> per i giorni di maltempo<\/li>\n<li><strong>Pista da corsa per Bobby Car<\/strong>, un highlight per i pi\u00f9 piccoli<\/li>\n<li><strong>Laghi balneabili naturali<\/strong> per rinfrescarsi nelle calde giornate autunnali<\/li>\n<li><strong>Sauna<\/strong> per rilassanti momenti di pausa per gli adulti<\/li>\n<li><strong>Spaziosi appartamenti familiari<\/strong> con cucina, stufa in maiolica e tanto comfort<\/li>\n<\/ul>\n<\/div><div ><a class=\"fusion-button button-flat fusion-button-default-size button-custom fusion-button-default button-3 fusion-button-default-span fusion-button-default-type\" style=\"--button_accent_color:var(--awb-color1);--button_accent_hover_color:var(--awb-color1);--button_border_hover_color:var(--awb-color1);--button-border-radius-top-left:0;--button-border-radius-top-right:0;--button-border-radius-bottom-right:0;--button-border-radius-bottom-left:0;--button_gradient_top_color:var(--awb-custom_color_1);--button_gradient_bottom_color:var(--awb-custom_color_1);--button_gradient_top_color_hover:var(--awb-color5);--button_gradient_bottom_color_hover:var(--awb-color5);\" target=\"_blank\" rel=\"noopener noreferrer\" data-hover=\"bg_slide_right\" role=\"button\" href=\"https:\/\/www.kirchleitn.com\/it\/vacanze-con-bambini-a-bad-kleinkirchheim-carinzia\/\"><span class=\"fusion-button-text awb-button__text awb-button__text--default fusion-button-text-right\">Maggiori informazioni sull&#8217;area bambini a Kirchleitn<\/span><span class=\"fusion-button-icon-divider button-icon-divider-right\"><i class=\"fa-angle-double-right fas awb-button__icon awb-button__icon--default\" aria-hidden=\"true\"><\/i><\/span><\/a><\/div><\/div><\/div><\/div><\/div><div class=\"fusion-fullwidth fullwidth-box fusion-builder-row-6 fusion-flex-container has-pattern-background has-mask-background fusion-parallax-fixed hundred-percent-fullwidth non-hundred-percent-height-scrolling\" style=\"--awb-background-position:center bottom;--awb-border-radius-top-left:0px;--awb-border-radius-top-right:0px;--awb-border-radius-bottom-right:0px;--awb-border-radius-bottom-left:0px;--awb-padding-top:4em;--awb-padding-right:8em;--awb-padding-bottom:4em;--awb-padding-left:8em;--awb-padding-top-small:2em;--awb-padding-right-small:2em;--awb-padding-bottom-small:2em;--awb-padding-left-small:2em;--awb-background-image:linear-gradient(180deg, rgba(79,74,74,0.36) 0%,rgba(20,22,23,0.63) 100%),url(https:\/\/www.kirchleitn.com\/wp-content\/uploads\/2025\/10\/familienurlaub-herbst-oesterreich-kaernten-landschaft.webp);;--awb-background-size:cover;--awb-flex-wrap:wrap;background-attachment:fixed;\" ><div class=\"fusion-builder-row fusion-row fusion-flex-align-items-stretch fusion-flex-content-wrap\" style=\"width:104% !important;max-width:104% !important;margin-left: calc(-4% \/ 2 );margin-right: calc(-4% \/ 2 );\"><div class=\"fusion-layout-column fusion_builder_column fusion-builder-column-9 fusion_builder_column_1_1 1_1 fusion-flex-column\" style=\"--awb-bg-size:cover;--awb-width-large:100%;--awb-margin-top-large:0px;--awb-spacing-right-large:0%;--awb-margin-bottom-large:0px;--awb-spacing-left-large:0%;--awb-width-medium:100%;--awb-order-medium:0;--awb-spacing-right-medium:0%;--awb-spacing-left-medium:0%;--awb-width-small:100%;--awb-order-small:0;--awb-spacing-right-small:1.92%;--awb-spacing-left-small:1.92%;\"><div class=\"fusion-column-wrapper fusion-column-has-shadow fusion-flex-justify-content-flex-start fusion-content-layout-column\"><div class=\"fusion-title title fusion-title-11 fusion-sep-none fusion-title-text fusion-title-size-two\" style=\"--awb-text-color:var(--awb-color1);--awb-margin-top-small:10px;--awb-margin-right-small:0px;--awb-margin-bottom-small:10px;--awb-margin-left-small:0px;--awb-font-size:30px;\"><h2 class=\"fusion-title-heading title-heading-left\" style=\"font-family:&quot;HarlowSerifRegluar&quot;;font-style:normal;font-weight:400;margin:0;font-size:1em;\">Ancora alla ricerca dell&#8217;alloggio perfetto in Austria per le vacanze in famiglia in autunno?<\/h2><\/div><div class=\"fusion-text fusion-text-7\" style=\"--awb-line-height:1.4;--awb-text-color:var(--awb-color1);--awb-text-font-family:&quot;Outfit&quot;;--awb-text-font-style:normal;--awb-text-font-weight:400;\"><p>Il nostro villaggio turistico adatto alle famiglie a Bad Kleinkirchheim, Carinzia, offre spazio per respirare, vivere e rilassarsi. Basta arrivare, ricaricare le energie e godersi appieno l&#8217;autunno dorato.<\/p>\n<\/div><div ><a class=\"fusion-button button-flat fusion-button-default-size button-custom fusion-button-default button-4 fusion-button-default-span fusion-button-default-type\" style=\"--button_accent_color:var(--awb-color1);--button_accent_hover_color:var(--awb-color1);--button_border_hover_color:var(--awb-color1);--button-border-radius-top-left:0;--button-border-radius-top-right:0;--button-border-radius-bottom-right:0;--button-border-radius-bottom-left:0;--button_gradient_top_color:var(--awb-custom_color_1);--button_gradient_bottom_color:var(--awb-custom_color_1);--button_gradient_top_color_hover:var(--awb-color5);--button_gradient_bottom_color_hover:var(--awb-color5);\" target=\"_blank\" rel=\"noopener noreferrer\" data-hover=\"bg_slide_right\" role=\"button\" href=\"https:\/\/www.kirchleitn.com\/it\/richiesta-rapida\/\"><span class=\"fusion-button-text awb-button__text awb-button__text--default fusion-button-text-right\">Richiedi senza impegno la data desiderata per le vacanze autunnali<\/span><span class=\"fusion-button-icon-divider button-icon-divider-right\"><i class=\"fa-angle-double-right fas awb-button__icon awb-button__icon--default\" aria-hidden=\"true\"><\/i><\/span><\/a><\/div><\/div><\/div><div class=\"fusion-layout-column fusion_builder_column fusion-builder-column-10 fusion_builder_column_1_1 1_1 fusion-flex-column\" style=\"--awb-bg-size:cover;--awb-width-large:100%;--awb-margin-top-large:4em;--awb-spacing-right-large:0%;--awb-margin-bottom-large:0px;--awb-spacing-left-large:0%;--awb-width-medium:100%;--awb-order-medium:0;--awb-spacing-right-medium:0%;--awb-spacing-left-medium:0%;--awb-width-small:100%;--awb-order-small:0;--awb-spacing-right-small:1.92%;--awb-spacing-left-small:1.92%;\"><div class=\"fusion-column-wrapper fusion-column-has-shadow fusion-flex-justify-content-flex-start fusion-content-layout-column\"><div class=\"fusion-text fusion-text-8 fusion-text-no-margin\" style=\"--awb-font-size:40px;--awb-text-color:rgba(255,255,255,0.61);--awb-margin-top:0px;--awb-margin-right:0px;--awb-margin-bottom:0px;--awb-margin-left:0px;--awb-text-font-family:&quot;Harlow Script&quot;;--awb-text-font-style:normal;--awb-text-font-weight:400;\"><p style=\"text-align: center;\">Giornate autunnali dorate<\/p>\n<\/div><\/div><\/div><\/div><\/div><div class=\"fusion-fullwidth fullwidth-box fusion-builder-row-7 fusion-flex-container has-pattern-background has-mask-background hundred-percent-fullwidth non-hundred-percent-height-scrolling\" style=\"--awb-border-radius-top-left:0px;--awb-border-radius-top-right:0px;--awb-border-radius-bottom-right:0px;--awb-border-radius-bottom-left:0px;--awb-padding-top:2em;--awb-padding-right:6em;--awb-padding-left:6em;--awb-padding-top-small:2em;--awb-padding-right-small:2em;--awb-padding-bottom-small:2em;--awb-padding-left-small:2em;--awb-background-color:var(--awb-color2);--awb-flex-wrap:wrap;\" ><div class=\"fusion-builder-row fusion-row fusion-flex-align-items-flex-start fusion-flex-content-wrap\" style=\"width:104% !important;max-width:104% !important;margin-left: calc(-4% \/ 2 );margin-right: calc(-4% \/ 2 );\"><div class=\"fusion-layout-column fusion_builder_column fusion-builder-column-11 fusion_builder_column_1_1 1_1 fusion-flex-column\" style=\"--awb-bg-size:cover;--awb-width-large:100%;--awb-margin-top-large:0px;--awb-spacing-right-large:1.92%;--awb-margin-bottom-large:20px;--awb-spacing-left-large:1.92%;--awb-width-medium:100%;--awb-order-medium:0;--awb-spacing-right-medium:1.92%;--awb-spacing-left-medium:1.92%;--awb-width-small:100%;--awb-order-small:0;--awb-spacing-right-small:1.92%;--awb-spacing-left-small:1.92%;\"><div class=\"fusion-column-wrapper fusion-column-has-shadow fusion-flex-justify-content-flex-start fusion-content-layout-column\"><div class=\"fusion-title title fusion-title-12 fusion-sep-none fusion-title-text fusion-title-size-two\" style=\"--awb-margin-top-small:10px;--awb-margin-right-small:0px;--awb-margin-bottom-small:10px;--awb-margin-left-small:0px;--awb-font-size:40px;\"><h2 class=\"fusion-title-heading title-heading-left\" style=\"font-family:&quot;HarlowSerifplane&quot;;font-style:normal;font-weight:400;margin:0;font-size:1em;\">Cosa si pu\u00f2 fare con i bambini durante le vacanze autunnali in Carinzia?<\/h2><\/div><div class=\"fusion-title title fusion-title-13 fusion-sep-none fusion-title-text fusion-title-size-three\" style=\"--awb-text-color:var(--awb-color6);--awb-margin-top-small:10px;--awb-margin-right-small:0px;--awb-margin-bottom-small:10px;--awb-margin-left-small:0px;--awb-font-size:22px;\"><h3 class=\"fusion-title-heading title-heading-left\" style=\"font-family:&quot;Outfit&quot;;font-style:normal;font-weight:600;margin:0;font-size:1em;\">Consigli per gite di un giorno con la famiglia nei dintorni di Bad Kleinkirchheim<\/h3><\/div><div class=\"fusion-text fusion-text-9\" style=\"--awb-text-font-family:&quot;Outfit&quot;;--awb-text-font-style:normal;--awb-text-font-weight:300;\"><p>Intorno al Slow Travel Resort Kirchleitn ti aspettano <strong>numerose mete escursionistiche<\/strong>, che proprio in autunno rivelano il loro fascino particolare. Per bambini e genitori, il Land pi\u00f9 meridionale dell&#8217;Austria offre molta variet\u00e0, da esperienze a contatto con la natura a <strong>highlight ricchi di azione<\/strong>. <\/p>\n<p><strong><em>Nota:<\/em><\/strong><em> Si prega di informarsi in anticipo sugli orari di apertura attuali, i periodi stagionali e le eventuali dipendenze meteorologiche delle rispettive mete escursionistiche. Molte attrazioni in Carinzia hanno orari di apertura ridotti in autunno o chiudono prima a seconda delle condizioni meteorologiche. Gli uffici turistici locali o i siti web dei fornitori forniscono informazioni aggiornate quotidianamente.<\/em><\/p>\n<\/div><\/div><\/div><\/div><\/div><div class=\"fusion-fullwidth fullwidth-box fusion-builder-row-8 fusion-flex-container has-pattern-background has-mask-background hundred-percent-fullwidth non-hundred-percent-height-scrolling\" style=\"--awb-border-radius-top-left:0px;--awb-border-radius-top-right:0px;--awb-border-radius-bottom-right:0px;--awb-border-radius-bottom-left:0px;--awb-padding-right:6em;--awb-padding-left:6em;--awb-padding-top-small:2em;--awb-padding-right-small:2em;--awb-padding-bottom-small:2em;--awb-padding-left-small:2em;--awb-background-color:var(--awb-color2);--awb-flex-wrap:wrap;\" ><div class=\"fusion-builder-row fusion-row fusion-flex-align-items-flex-start fusion-flex-content-wrap\" style=\"width:104% !important;max-width:104% !important;margin-left: calc(-4% \/ 2 );margin-right: calc(-4% \/ 2 );\"><div class=\"fusion-layout-column fusion_builder_column fusion-builder-column-12 fusion_builder_column_1_2 1_2 fusion-flex-column\" style=\"--awb-bg-size:cover;--awb-width-large:50%;--awb-margin-top-large:0px;--awb-spacing-right-large:3.84%;--awb-margin-bottom-large:20px;--awb-spacing-left-large:3.84%;--awb-width-medium:50%;--awb-order-medium:0;--awb-spacing-right-medium:3.84%;--awb-spacing-left-medium:3.84%;--awb-width-small:100%;--awb-order-small:0;--awb-spacing-right-small:1.92%;--awb-spacing-left-small:1.92%;\"><div class=\"fusion-column-wrapper fusion-column-has-shadow fusion-flex-justify-content-flex-start fusion-content-layout-column\"><div class=\"accordian fusion-accordian\" style=\"margin-top:1em;margin-bottom:1em;--awb-margin-top:1em;--awb-margin-bottom:1em;--awb-border-size:1px;--awb-icon-size:16px;--awb-content-font-size:20px;--awb-icon-alignment:left;--awb-hover-color:var(--awb-color2);--awb-border-color:var(--awb-color3);--awb-background-color:var(--awb-color1);--awb-divider-color:rgba(242,243,245,0);--awb-divider-hover-color:rgba(242,243,245,0);--awb-icon-color:var(--awb-color1);--awb-title-color:var(--awb-color7);--awb-content-color:var(--awb-color7);--awb-icon-box-color:var(--awb-color4);--awb-toggle-hover-accent-color:var(--awb-color5);--awb-toggle-active-accent-color:var(--awb-color7);--awb-title-font-family:var(--awb-typography1-font-family);--awb-title-font-weight:var(--awb-typography1-font-weight);--awb-title-font-style:var(--awb-typography1-font-style);--awb-title-font-size:16px;--awb-content-font-family:&quot;Outfit&quot;;--awb-content-font-style:normal;--awb-content-font-weight:400;\"><div class=\"panel-group fusion-toggle-icon-boxed\" id=\"accordion-2966-1\"><div class=\"fusion-panel panel-default panel-7feb4c598f1bbc263 fusion-toggle-has-divider\" style=\"--awb-content-font-size:20px;--awb-content-line-height:1.4;--awb-content-font-family:&quot;Outfit&quot;;--awb-content-font-style:normal;--awb-content-font-weight:400;--awb-title-font-size:20px;--awb-title-line-height:1.4;--awb-title-color:var(--awb-color4);--awb-content-color:var(--awb-color7);\"><div class=\"panel-heading\"><h4 class=\"panel-title toggle\" id=\"toggle_7feb4c598f1bbc263\"><a aria-expanded=\"false\" aria-controls=\"7feb4c598f1bbc263\" role=\"button\" data-toggle=\"collapse\" data-parent=\"#accordion-2966-1\" data-target=\"#7feb4c598f1bbc263\" href=\"#7feb4c598f1bbc263\"><span class=\"fusion-toggle-icon-wrapper\" aria-hidden=\"true\"><i class=\"fa-fusion-box active-icon awb-icon-minus\" aria-hidden=\"true\"><\/i><i class=\"fa-fusion-box inactive-icon fa-chevron-down fas\" aria-hidden=\"true\"><\/i><\/span><span class=\"fusion-toggle-heading\">Biosph\u00e4renparkbahn Brunnach<\/span><\/a><\/h4><\/div><div id=\"7feb4c598f1bbc263\" class=\"panel-collapse collapse \" aria-labelledby=\"toggle_7feb4c598f1bbc263\"><div class=\"panel-body toggle-content fusion-clearfix\">\n<p>Con la Brunnachbahn si arriva comodamente nel cuore del Parco della Biosfera Nockberge.<\/p>\n<p>In cima ti aspettano sentieri ben sviluppati per brevi giri panoramici, pause picnic o osservazioni della natura autunnale.<\/p>\n<p>\u279c Anche con passeggino o zaino porta-bimbo la regione \u00e8 facilmente accessibile.<\/p>\n<\/div><\/div><\/div><div class=\"fusion-panel panel-default panel-304bf50de8f5e5c09 fusion-toggle-has-divider\" style=\"--awb-content-font-size:20px;--awb-content-line-height:1.4;--awb-content-font-family:&quot;Outfit&quot;;--awb-content-font-style:normal;--awb-content-font-weight:400;--awb-title-font-size:20px;--awb-title-line-height:1.4;--awb-title-color:var(--awb-color4);--awb-content-color:var(--awb-color7);\"><div class=\"panel-heading\"><h4 class=\"panel-title toggle\" id=\"toggle_304bf50de8f5e5c09\"><a aria-expanded=\"false\" aria-controls=\"304bf50de8f5e5c09\" role=\"button\" data-toggle=\"collapse\" data-parent=\"#accordion-2966-1\" data-target=\"#304bf50de8f5e5c09\" href=\"#304bf50de8f5e5c09\"><span class=\"fusion-toggle-icon-wrapper\" aria-hidden=\"true\"><i class=\"fa-fusion-box active-icon awb-icon-minus\" aria-hidden=\"true\"><\/i><i class=\"fa-fusion-box inactive-icon fa-chevron-down fas\" aria-hidden=\"true\"><\/i><\/span><span class=\"fusion-toggle-heading\">Kaiserburgbahn e Kaiserburg Bob<\/span><\/a><\/h4><\/div><div id=\"304bf50de8f5e5c09\" class=\"panel-collapse collapse \" aria-labelledby=\"toggle_304bf50de8f5e5c09\"><div class=\"panel-body toggle-content fusion-clearfix\">\n<p>Con la Kaiserburgbahn si sale comodamente alla stazione a monte.<\/p>\n<p>L\u00ec ti aspetta il Kaiserburg Bob, una moderna pista da slittino estiva per tutta la famiglia. Un&#8217;attivit\u00e0 ideale per un pomeriggio attivo con vista. <\/p>\n<p>Consigliato a partire da circa quattro anni, a seconda dell&#8217;altezza.<\/p>\n<\/div><\/div><\/div><div class=\"fusion-panel panel-default panel-641012a99c93e2bb2 fusion-toggle-has-divider\" style=\"--awb-content-font-size:20px;--awb-content-line-height:1.4;--awb-content-font-family:&quot;Outfit&quot;;--awb-content-font-style:normal;--awb-content-font-weight:400;--awb-title-font-size:20px;--awb-title-line-height:1.4;--awb-title-color:var(--awb-color4);--awb-content-color:var(--awb-color7);\"><div class=\"panel-heading\"><h4 class=\"panel-title toggle\" id=\"toggle_641012a99c93e2bb2\"><a aria-expanded=\"false\" aria-controls=\"641012a99c93e2bb2\" role=\"button\" data-toggle=\"collapse\" data-parent=\"#accordion-2966-1\" data-target=\"#641012a99c93e2bb2\" href=\"#641012a99c93e2bb2\"><span class=\"fusion-toggle-icon-wrapper\" aria-hidden=\"true\"><i class=\"fa-fusion-box active-icon awb-icon-minus\" aria-hidden=\"true\"><\/i><i class=\"fa-fusion-box inactive-icon fa-chevron-down fas\" aria-hidden=\"true\"><\/i><\/span><span class=\"fusion-toggle-heading\">Rettilario Nockalm a Patergassen<\/span><\/a><\/h4><\/div><div id=\"641012a99c93e2bb2\" class=\"panel-collapse collapse \" aria-labelledby=\"toggle_641012a99c93e2bb2\"><div class=\"panel-body toggle-content fusion-clearfix\">\n<p>Al Rettilario Nockalm vedrai serpenti, lucertole, tartarughe e persino coccodrilli.<\/p>\n<p>Qui sono ospitati oltre 100 animali da tutto il mondo. Particolarmente emozionante per i bambini che vogliono vivere gli animali da vicino. <\/p>\n<p><b>Suggerimento: una meta escursionistica che vale la pena anche in caso di maltempo.<\/b><\/p>\n<\/div><\/div><\/div><div class=\"fusion-panel panel-default panel-c8719f5e2f82b2a2d fusion-toggle-has-divider\" style=\"--awb-content-font-size:20px;--awb-content-line-height:1.4;--awb-content-font-family:&quot;Outfit&quot;;--awb-content-font-style:normal;--awb-content-font-weight:400;--awb-title-font-size:20px;--awb-title-line-height:1.4;--awb-title-color:var(--awb-color4);--awb-content-color:var(--awb-color7);\"><div class=\"panel-heading\"><h4 class=\"panel-title toggle\" id=\"toggle_c8719f5e2f82b2a2d\"><a aria-expanded=\"false\" aria-controls=\"c8719f5e2f82b2a2d\" role=\"button\" data-toggle=\"collapse\" data-parent=\"#accordion-2966-1\" data-target=\"#c8719f5e2f82b2a2d\" href=\"#c8719f5e2f82b2a2d\"><span class=\"fusion-toggle-icon-wrapper\" aria-hidden=\"true\"><i class=\"fa-fusion-box active-icon awb-icon-minus\" aria-hidden=\"true\"><\/i><i class=\"fa-fusion-box inactive-icon fa-chevron-down fas\" aria-hidden=\"true\"><\/i><\/span><span class=\"fusion-toggle-heading\">Nockalmstra\u00dfe e Windebenensee<\/span><\/a><\/h4><\/div><div id=\"c8719f5e2f82b2a2d\" class=\"panel-collapse collapse \" aria-labelledby=\"toggle_c8719f5e2f82b2a2d\"><div class=\"panel-body toggle-content fusion-clearfix\">\n<p>La Nockalmstra\u00dfe \u00e8 una delle strade panoramiche pi\u00f9 belle dell&#8217;Austria.<\/p>\n<p>In autunno colpisce per le foreste di larici dorati, l&#8217;aria di montagna limpida e molti punti di sosta adatti alle famiglie.<\/p>\n<p>\u279c Particolarmente consigliato \u00e8 il Windebenensee, un <b>lago naturale nel parco<\/b> facilmente raggiungibile, ideale per una piccola escursione.<\/p>\n<\/div><\/div><\/div><div class=\"fusion-panel panel-default panel-366ad51f333b3811b fusion-toggle-has-divider\" style=\"--awb-content-font-size:20px;--awb-content-line-height:1.4;--awb-content-font-family:&quot;Outfit&quot;;--awb-content-font-style:normal;--awb-content-font-weight:400;--awb-title-font-size:20px;--awb-title-line-height:1.4;--awb-title-color:var(--awb-color4);--awb-content-color:var(--awb-color7);\"><div class=\"panel-heading\"><h4 class=\"panel-title toggle\" id=\"toggle_366ad51f333b3811b\"><a aria-expanded=\"false\" aria-controls=\"366ad51f333b3811b\" role=\"button\" data-toggle=\"collapse\" data-parent=\"#accordion-2966-1\" data-target=\"#366ad51f333b3811b\" href=\"#366ad51f333b3811b\"><span class=\"fusion-toggle-icon-wrapper\" aria-hidden=\"true\"><i class=\"fa-fusion-box active-icon awb-icon-minus\" aria-hidden=\"true\"><\/i><i class=\"fa-fusion-box inactive-icon fa-chevron-down fas\" aria-hidden=\"true\"><\/i><\/span><span class=\"fusion-toggle-heading\">Escursione ai laghi balneabili della Carinzia<\/span><\/a><\/h4><\/div><div id=\"366ad51f333b3811b\" class=\"panel-collapse collapse \" aria-labelledby=\"toggle_366ad51f333b3811b\"><div class=\"panel-body toggle-content fusion-clearfix\">\n<p>Una passeggiata lungo i paesaggi lacustri offre in autunno un&#8217;atmosfera molto speciale.<br \/>Da Kirchleitn si raggiungono <u>i seguenti laghi in circa 30 minuti di auto:<\/u><\/p>\n<p>\u2022 <b>Lago di Millstatt:<\/b> sentiero pedonale sulla riva sud, possibilit\u00e0 di gita in barca<br \/>\u2022 <b>Brennsee\/Feldsee:<\/b> tranquillo e vicino alla natura, ideale per piccole escursioni<br \/>\u2022 <b>Lago di Afritz:<\/b> rilassato e popolare per la pesca o la nautica<\/p>\n<p>&nbsp;<\/p>\n<\/div><\/div><\/div><\/div><\/div><\/div><\/div><div class=\"fusion-layout-column fusion_builder_column fusion-builder-column-13 fusion_builder_column_1_2 1_2 fusion-flex-column\" style=\"--awb-bg-size:cover;--awb-width-large:50%;--awb-margin-top-large:0px;--awb-spacing-right-large:3.84%;--awb-margin-bottom-large:20px;--awb-spacing-left-large:3.84%;--awb-width-medium:50%;--awb-order-medium:0;--awb-spacing-right-medium:3.84%;--awb-spacing-left-medium:3.84%;--awb-width-small:100%;--awb-order-small:0;--awb-spacing-right-small:1.92%;--awb-spacing-left-small:1.92%;\"><div class=\"fusion-column-wrapper fusion-column-has-shadow fusion-flex-justify-content-flex-start fusion-content-layout-column\"><div class=\"accordian fusion-accordian\" style=\"margin-top:1em;margin-bottom:1em;--awb-margin-top:1em;--awb-margin-bottom:1em;--awb-border-size:1px;--awb-icon-size:16px;--awb-content-font-size:20px;--awb-icon-alignment:left;--awb-hover-color:var(--awb-color2);--awb-border-color:var(--awb-color3);--awb-background-color:var(--awb-color1);--awb-divider-color:rgba(242,243,245,0);--awb-divider-hover-color:rgba(242,243,245,0);--awb-icon-color:var(--awb-color1);--awb-title-color:var(--awb-color7);--awb-content-color:var(--awb-color7);--awb-icon-box-color:var(--awb-color4);--awb-toggle-hover-accent-color:var(--awb-color5);--awb-toggle-active-accent-color:var(--awb-color7);--awb-title-font-family:var(--awb-typography1-font-family);--awb-title-font-weight:var(--awb-typography1-font-weight);--awb-title-font-style:var(--awb-typography1-font-style);--awb-title-font-size:16px;--awb-content-font-family:&quot;Outfit&quot;;--awb-content-font-style:normal;--awb-content-font-weight:400;\"><div class=\"panel-group fusion-toggle-icon-boxed\" id=\"accordion-2966-2\"><div class=\"fusion-panel panel-default panel-f02f3a830ccd5a224 fusion-toggle-has-divider\" style=\"--awb-content-font-size:20px;--awb-content-line-height:1.4;--awb-content-font-family:&quot;Outfit&quot;;--awb-content-font-style:normal;--awb-content-font-weight:400;--awb-title-font-size:20px;--awb-title-line-height:1.4;--awb-title-color:var(--awb-color4);--awb-content-color:var(--awb-color7);\"><div class=\"panel-heading\"><h4 class=\"panel-title toggle\" id=\"toggle_f02f3a830ccd5a224\"><a aria-expanded=\"false\" aria-controls=\"f02f3a830ccd5a224\" role=\"button\" data-toggle=\"collapse\" data-parent=\"#accordion-2966-2\" data-target=\"#f02f3a830ccd5a224\" href=\"#f02f3a830ccd5a224\"><span class=\"fusion-toggle-icon-wrapper\" aria-hidden=\"true\"><i class=\"fa-fusion-box active-icon awb-icon-minus\" aria-hidden=\"true\"><\/i><i class=\"fa-fusion-box inactive-icon fa-chevron-down fas\" aria-hidden=\"true\"><\/i><\/span><span class=\"fusion-toggle-heading\">Parco Faunistico Feld am See<\/span><\/a><\/h4><\/div><div id=\"f02f3a830ccd5a224\" class=\"panel-collapse collapse \" aria-labelledby=\"toggle_f02f3a830ccd5a224\"><div class=\"panel-body toggle-content fusion-clearfix\">\n<p>Nel Parco Faunistico Alpino vedrai oltre 30 specie animali autoctone, tra cui stambecchi, linci, caprioli e cervi.<\/p>\n<p>L&#8217;esperienza \u00e8 completata da uno zoo didattico, un parco giochi avventura e diverse interessanti mostre indoor.<\/p>\n<p><b>Una meta ideale per ogni tempo.<\/b><\/p>\n<\/div><\/div><\/div><div class=\"fusion-panel panel-default panel-7b08bde72c8fa297c fusion-toggle-has-divider\" style=\"--awb-content-font-size:20px;--awb-content-line-height:1.4;--awb-content-font-family:&quot;Outfit&quot;;--awb-content-font-style:normal;--awb-content-font-weight:400;--awb-title-font-size:20px;--awb-title-line-height:1.4;--awb-title-color:var(--awb-color4);--awb-content-color:var(--awb-color7);\"><div class=\"panel-heading\"><h4 class=\"panel-title toggle\" id=\"toggle_7b08bde72c8fa297c\"><a aria-expanded=\"false\" aria-controls=\"7b08bde72c8fa297c\" role=\"button\" data-toggle=\"collapse\" data-parent=\"#accordion-2966-2\" data-target=\"#7b08bde72c8fa297c\" href=\"#7b08bde72c8fa297c\"><span class=\"fusion-toggle-icon-wrapper\" aria-hidden=\"true\"><i class=\"fa-fusion-box active-icon awb-icon-minus\" aria-hidden=\"true\"><\/i><i class=\"fa-fusion-box inactive-icon fa-chevron-down fas\" aria-hidden=\"true\"><\/i><\/span><span class=\"fusion-toggle-heading\">Granatium Radenthein<\/span><\/a><\/h4><\/div><div id=\"7b08bde72c8fa297c\" class=\"panel-collapse collapse \" aria-labelledby=\"toggle_7b08bde72c8fa297c\"><div class=\"panel-body toggle-content fusion-clearfix\">\n<p>Al Granatium scoprirai insieme ai tuoi bambini il mondo della gemma rossa.<\/p>\n<p>L&#8217;highlight per le famiglie \u00e8 l&#8217;area di scavo coperta, dove potrai cercare granati con martello ed elmetto.<\/p>\n<\/div><\/div><\/div><div class=\"fusion-panel panel-default panel-28fe8a231ac9119e4 fusion-toggle-has-divider\" style=\"--awb-content-font-size:20px;--awb-content-line-height:1.4;--awb-content-font-family:&quot;Outfit&quot;;--awb-content-font-style:normal;--awb-content-font-weight:400;--awb-title-font-size:20px;--awb-title-line-height:1.4;--awb-title-color:var(--awb-color4);--awb-content-color:var(--awb-color7);\"><div class=\"panel-heading\"><h4 class=\"panel-title toggle\" id=\"toggle_28fe8a231ac9119e4\"><a aria-expanded=\"false\" aria-controls=\"28fe8a231ac9119e4\" role=\"button\" data-toggle=\"collapse\" data-parent=\"#accordion-2966-2\" data-target=\"#28fe8a231ac9119e4\" href=\"#28fe8a231ac9119e4\"><span class=\"fusion-toggle-icon-wrapper\" aria-hidden=\"true\"><i class=\"fa-fusion-box active-icon awb-icon-minus\" aria-hidden=\"true\"><\/i><i class=\"fa-fusion-box inactive-icon fa-chevron-down fas\" aria-hidden=\"true\"><\/i><\/span><span class=\"fusion-toggle-heading\">Kaslab\u2019n Nockberge<\/span><\/a><\/h4><\/div><div id=\"28fe8a231ac9119e4\" class=\"panel-collapse collapse \" aria-labelledby=\"toggle_28fe8a231ac9119e4\"><div class=\"panel-body toggle-content fusion-clearfix\">\n<p>Nella latteria didattica Kaslab\u2019n scoprirai <b>come dal latte fieno nascono specialit\u00e0 casearie regionali<\/b>.<\/p>\n<p>Durante le visite guidate potrai osservare, fare domande e, naturalmente, anche degustare.<\/p>\n<p>\u279c Regionalit\u00e0, piacere e apprendimento sono al centro qui.<\/p>\n<\/div><\/div><\/div><div class=\"fusion-panel panel-default panel-546a1a8ea28ea3444 fusion-toggle-has-divider\" style=\"--awb-content-font-size:20px;--awb-content-line-height:1.4;--awb-content-font-family:&quot;Outfit&quot;;--awb-content-font-style:normal;--awb-content-font-weight:400;--awb-title-font-size:20px;--awb-title-line-height:1.4;--awb-title-color:var(--awb-color4);--awb-content-color:var(--awb-color7);\"><div class=\"panel-heading\"><h4 class=\"panel-title toggle\" id=\"toggle_546a1a8ea28ea3444\"><a aria-expanded=\"false\" aria-controls=\"546a1a8ea28ea3444\" role=\"button\" data-toggle=\"collapse\" data-parent=\"#accordion-2966-2\" data-target=\"#546a1a8ea28ea3444\" href=\"#546a1a8ea28ea3444\"><span class=\"fusion-toggle-icon-wrapper\" aria-hidden=\"true\"><i class=\"fa-fusion-box active-icon awb-icon-minus\" aria-hidden=\"true\"><\/i><i class=\"fa-fusion-box inactive-icon fa-chevron-down fas\" aria-hidden=\"true\"><\/i><\/span><span class=\"fusion-toggle-heading\">Heidi-Alm sul Falkert<\/span><\/a><\/h4><\/div><div id=\"546a1a8ea28ea3444\" class=\"panel-collapse collapse \" aria-labelledby=\"toggle_546a1a8ea28ea3444\"><div class=\"panel-body toggle-content fusion-clearfix\">\n<p>A 1.800 metri sul livello del mare si trova l&#8217;Heidi-Alm, un <b>parco avventura curato con amore<\/b> con parco giochi in legno, percorso di figure e diversi punti panoramici.<\/p>\n<p>Particolarmente amate dai bambini: le marmotte che vivono in libert\u00e0, che con un po&#8217; di pazienza si lasciano osservare bene.<\/p>\n<\/div><\/div><\/div><div class=\"fusion-panel panel-default panel-87cd6b5d089cfd847 fusion-toggle-has-divider\" style=\"--awb-content-font-size:20px;--awb-content-line-height:1.4;--awb-content-font-family:&quot;Outfit&quot;;--awb-content-font-style:normal;--awb-content-font-weight:400;--awb-title-font-size:20px;--awb-title-line-height:1.4;--awb-title-color:var(--awb-color4);--awb-content-color:var(--awb-color7);\"><div class=\"panel-heading\"><h4 class=\"panel-title toggle\" id=\"toggle_87cd6b5d089cfd847\"><a aria-expanded=\"false\" aria-controls=\"87cd6b5d089cfd847\" role=\"button\" data-toggle=\"collapse\" data-parent=\"#accordion-2966-2\" data-target=\"#87cd6b5d089cfd847\" href=\"#87cd6b5d089cfd847\"><span class=\"fusion-toggle-icon-wrapper\" aria-hidden=\"true\"><i class=\"fa-fusion-box active-icon awb-icon-minus\" aria-hidden=\"true\"><\/i><i class=\"fa-fusion-box inactive-icon fa-chevron-down fas\" aria-hidden=\"true\"><\/i><\/span><span class=\"fusion-toggle-heading\">Nocky Flitzer sulla Turracher H\u00f6he<\/span><\/a><\/h4><\/div><div id=\"87cd6b5d089cfd847\" class=\"panel-collapse collapse \" aria-labelledby=\"toggle_87cd6b5d089cfd847\"><div class=\"panel-body toggle-content fusion-clearfix\">\n<p>Il Nocky Flitzer \u00e8 una <b>montagna russa alpina<\/b>, a circa 30 minuti di auto da Kirchleitn.<\/p>\n<p>Su rotaie si scende a valle attraverso curve, onde e caroselli \u2013 un divertimento per grandi e piccini.<\/p>\n<p>Adatto a bambini dai quattro anni in su.<\/p>\n<\/div><\/div><\/div><\/div><\/div><\/div><\/div><\/div><\/div><div class=\"fusion-fullwidth fullwidth-box fusion-builder-row-9 fusion-flex-container has-pattern-background has-mask-background hundred-percent-fullwidth non-hundred-percent-height-scrolling\" style=\"--awb-border-radius-top-left:0px;--awb-border-radius-top-right:0px;--awb-border-radius-bottom-right:0px;--awb-border-radius-bottom-left:0px;--awb-padding-right:6em;--awb-padding-left:6em;--awb-padding-top-small:2em;--awb-padding-right-small:2em;--awb-padding-bottom-small:2em;--awb-padding-left-small:2em;--awb-background-color:var(--awb-color2);--awb-flex-wrap:wrap;\" ><div class=\"fusion-builder-row fusion-row fusion-flex-align-items-flex-start fusion-flex-content-wrap\" style=\"width:104% !important;max-width:104% !important;margin-left: calc(-4% \/ 2 );margin-right: calc(-4% \/ 2 );\"><div class=\"fusion-layout-column fusion_builder_column fusion-builder-column-14 fusion_builder_column_1_1 1_1 fusion-flex-column\" style=\"--awb-bg-size:cover;--awb-width-large:100%;--awb-margin-top-large:0px;--awb-spacing-right-large:1.92%;--awb-margin-bottom-large:20px;--awb-spacing-left-large:1.92%;--awb-width-medium:100%;--awb-order-medium:0;--awb-spacing-right-medium:1.92%;--awb-spacing-left-medium:1.92%;--awb-width-small:100%;--awb-order-small:0;--awb-spacing-right-small:1.92%;--awb-spacing-left-small:1.92%;\"><div class=\"fusion-column-wrapper fusion-column-has-shadow fusion-flex-justify-content-flex-start fusion-content-layout-column\"><div class=\"fusion-text fusion-text-10\" style=\"--awb-text-font-family:&quot;Outfit&quot;;--awb-text-font-style:normal;--awb-text-font-weight:300;\"><p><em>Molte di queste mete escursionistiche sono accessibili con la K\u00e4rnten Card (<u>valida da aprile a ottobre<\/u>) a prezzo ridotto o addirittura gratuitamente. Ideale per le famiglie che desiderano pianificare in modo flessibile e vario. <\/em><\/p>\n<\/div><\/div><\/div><\/div><\/div><div class=\"fusion-fullwidth fullwidth-box fusion-builder-row-10 fusion-flex-container has-pattern-background has-mask-background fusion-parallax-fixed hundred-percent-fullwidth non-hundred-percent-height-scrolling\" style=\"--awb-background-position:center bottom;--awb-border-radius-top-left:0px;--awb-border-radius-top-right:0px;--awb-border-radius-bottom-right:0px;--awb-border-radius-bottom-left:0px;--awb-padding-top:4em;--awb-padding-right:8em;--awb-padding-bottom:4em;--awb-padding-left:8em;--awb-padding-top-small:2em;--awb-padding-right-small:2em;--awb-padding-bottom-small:2em;--awb-padding-left-small:2em;--awb-background-image:linear-gradient(180deg, rgba(79,74,74,0.36) 0%,rgba(20,22,23,0.63) 100%),url(https:\/\/www.kirchleitn.com\/wp-content\/uploads\/2025\/09\/Kolmnock\u00a9Slow-Travel-Resort_34.jpg);;--awb-background-size:cover;--awb-flex-wrap:wrap;background-attachment:fixed;\" ><div class=\"fusion-builder-row fusion-row fusion-flex-align-items-stretch fusion-flex-content-wrap\" style=\"width:104% !important;max-width:104% !important;margin-left: calc(-4% \/ 2 );margin-right: calc(-4% \/ 2 );\"><div class=\"fusion-layout-column fusion_builder_column fusion-builder-column-15 fusion_builder_column_1_1 1_1 fusion-flex-column\" style=\"--awb-bg-size:cover;--awb-width-large:100%;--awb-margin-top-large:0px;--awb-spacing-right-large:0%;--awb-margin-bottom-large:0px;--awb-spacing-left-large:0%;--awb-width-medium:100%;--awb-order-medium:0;--awb-spacing-right-medium:0%;--awb-spacing-left-medium:0%;--awb-width-small:100%;--awb-order-small:0;--awb-spacing-right-small:1.92%;--awb-spacing-left-small:1.92%;\"><div class=\"fusion-column-wrapper fusion-column-has-shadow fusion-flex-justify-content-flex-start fusion-content-layout-column\"><div class=\"fusion-title title fusion-title-14 fusion-sep-none fusion-title-text fusion-title-size-two\" style=\"--awb-text-color:var(--awb-color1);--awb-margin-top-small:10px;--awb-margin-right-small:0px;--awb-margin-bottom-small:10px;--awb-margin-left-small:0px;--awb-font-size:30px;\"><h2 class=\"fusion-title-heading title-heading-left\" style=\"font-family:&quot;HarlowSerifRegluar&quot;;font-style:normal;font-weight:400;margin:0;font-size:1em;\">Trova subito l&#8217;appartamento vacanze adatto per le vacanze in famiglia in autunno in Austria<\/h2><\/div><div class=\"fusion-text fusion-text-11\" style=\"--awb-line-height:1.4;--awb-text-color:var(--awb-color1);--awb-text-font-family:&quot;Outfit&quot;;--awb-text-font-style:normal;--awb-text-font-weight:400;\"><p>Che tu voglia solo un weekend fuori o qualche giorno in pi\u00f9, a Kirchleitn le famiglie trovano esattamente ci\u00f2 che spesso manca nella vita quotidiana: tempo per stare insieme, natura a portata di mano e un luogo dove tutti possono trovare la pace.<\/p>\n<\/div><div ><a class=\"fusion-button button-flat fusion-button-default-size button-custom fusion-button-default button-5 fusion-button-default-span fusion-button-default-type\" style=\"--button_accent_color:var(--awb-color1);--button_accent_hover_color:var(--awb-color1);--button_border_hover_color:var(--awb-color1);--button-border-radius-top-left:0;--button-border-radius-top-right:0;--button-border-radius-bottom-right:0;--button-border-radius-bottom-left:0;--button_gradient_top_color:var(--awb-custom_color_1);--button_gradient_bottom_color:var(--awb-custom_color_1);--button_gradient_top_color_hover:var(--awb-color5);--button_gradient_bottom_color_hover:var(--awb-color5);\" target=\"_blank\" rel=\"noopener noreferrer\" data-hover=\"bg_slide_right\" role=\"button\" href=\"https:\/\/www.kirchleitn.com\/it\/appartamenti-a-bad-kleinkirchheim-carinzia\/\"><span class=\"fusion-button-text awb-button__text awb-button__text--default fusion-button-text-right\">Maggiori informazioni sugli appartamenti vacanze a Bad Kleinkirchheim<\/span><span class=\"fusion-button-icon-divider button-icon-divider-right\"><i class=\"fa-angle-double-right fas awb-button__icon awb-button__icon--default\" aria-hidden=\"true\"><\/i><\/span><\/a><\/div><\/div><\/div><\/div><\/div><div class=\"fusion-fullwidth fullwidth-box fusion-builder-row-11 fusion-flex-container has-pattern-background has-mask-background hundred-percent-fullwidth non-hundred-percent-height-scrolling\" style=\"--awb-border-radius-top-left:0px;--awb-border-radius-top-right:0px;--awb-border-radius-bottom-right:0px;--awb-border-radius-bottom-left:0px;--awb-padding-top:2em;--awb-padding-right:6em;--awb-padding-left:6em;--awb-padding-top-small:2em;--awb-padding-right-small:2em;--awb-padding-bottom-small:2em;--awb-padding-left-small:2em;--awb-background-color:var(--awb-color2);--awb-flex-wrap:wrap;\" ><div class=\"fusion-builder-row fusion-row fusion-flex-align-items-flex-start fusion-flex-content-wrap\" style=\"width:104% !important;max-width:104% !important;margin-left: calc(-4% \/ 2 );margin-right: calc(-4% \/ 2 );\"><div class=\"fusion-layout-column fusion_builder_column fusion-builder-column-16 fusion_builder_column_1_1 1_1 fusion-flex-column\" style=\"--awb-bg-size:cover;--awb-width-large:100%;--awb-margin-top-large:0px;--awb-spacing-right-large:1.92%;--awb-margin-bottom-large:20px;--awb-spacing-left-large:1.92%;--awb-width-medium:100%;--awb-order-medium:0;--awb-spacing-right-medium:1.92%;--awb-spacing-left-medium:1.92%;--awb-width-small:100%;--awb-order-small:0;--awb-spacing-right-small:1.92%;--awb-spacing-left-small:1.92%;\"><div class=\"fusion-column-wrapper fusion-column-has-shadow fusion-flex-justify-content-flex-start fusion-content-layout-column\"><div class=\"fusion-title title fusion-title-15 fusion-sep-none fusion-title-text fusion-title-size-two\" style=\"--awb-margin-top-small:10px;--awb-margin-right-small:0px;--awb-margin-bottom-small:10px;--awb-margin-left-small:0px;--awb-font-size:40px;\"><h2 class=\"fusion-title-heading title-heading-left\" style=\"font-family:&quot;HarlowSerifplane&quot;;font-style:normal;font-weight:400;margin:0;font-size:1em;\">Cosa fare in caso di maltempo in autunno a Bad Kleinkirchheim?<\/h2><\/div><div class=\"fusion-title title fusion-title-16 fusion-sep-none fusion-title-text fusion-title-size-three\" style=\"--awb-text-color:var(--awb-color6);--awb-margin-top-small:10px;--awb-margin-right-small:0px;--awb-margin-bottom-small:10px;--awb-margin-left-small:0px;--awb-font-size:22px;\"><h3 class=\"fusion-title-heading title-heading-left\" style=\"font-family:&quot;Outfit&quot;;font-style:normal;font-weight:600;margin:0;font-size:1em;\">Esperienze indoor in Carinzia per piccoli avventurieri e grandi intenditori<\/h3><\/div><div class=\"fusion-text fusion-text-12\" style=\"--awb-text-font-family:&quot;Outfit&quot;;--awb-text-font-style:normal;--awb-text-font-weight:300;\"><p>Non tutti i giorni d&#8217;autunno sono soleggiati. Ma anche in caso di pioggia, intorno a Bad Kleinkirchheim ti aspettano numerose esperienze emozionanti che entusiasmano le famiglie. <\/p>\n<\/div><\/div><\/div><\/div><\/div><div class=\"fusion-fullwidth fullwidth-box fusion-builder-row-12 fusion-flex-container has-pattern-background has-mask-background hundred-percent-fullwidth non-hundred-percent-height-scrolling\" style=\"--awb-border-radius-top-left:0px;--awb-border-radius-top-right:0px;--awb-border-radius-bottom-right:0px;--awb-border-radius-bottom-left:0px;--awb-padding-right:6em;--awb-padding-left:6em;--awb-padding-top-small:2em;--awb-padding-right-small:2em;--awb-padding-bottom-small:2em;--awb-padding-left-small:2em;--awb-background-color:var(--awb-color2);--awb-flex-wrap:wrap;\" ><div class=\"fusion-builder-row fusion-row fusion-flex-align-items-flex-start fusion-flex-content-wrap\" style=\"width:104% !important;max-width:104% !important;margin-left: calc(-4% \/ 2 );margin-right: calc(-4% \/ 2 );\"><div class=\"fusion-layout-column fusion_builder_column fusion-builder-column-17 fusion_builder_column_1_2 1_2 fusion-flex-column\" style=\"--awb-bg-size:cover;--awb-width-large:50%;--awb-margin-top-large:0px;--awb-spacing-right-large:3.84%;--awb-margin-bottom-large:20px;--awb-spacing-left-large:3.84%;--awb-width-medium:50%;--awb-order-medium:0;--awb-spacing-right-medium:3.84%;--awb-spacing-left-medium:3.84%;--awb-width-small:100%;--awb-order-small:0;--awb-spacing-right-small:1.92%;--awb-spacing-left-small:1.92%;\"><div class=\"fusion-column-wrapper fusion-column-has-shadow fusion-flex-justify-content-flex-start fusion-content-layout-column\"><div class=\"accordian fusion-accordian\" style=\"margin-top:1em;margin-bottom:1em;--awb-margin-top:1em;--awb-margin-bottom:1em;--awb-border-size:1px;--awb-icon-size:16px;--awb-content-font-size:20px;--awb-icon-alignment:left;--awb-hover-color:var(--awb-color2);--awb-border-color:var(--awb-color3);--awb-background-color:var(--awb-color1);--awb-divider-color:rgba(242,243,245,0);--awb-divider-hover-color:rgba(242,243,245,0);--awb-icon-color:var(--awb-color1);--awb-title-color:var(--awb-color7);--awb-content-color:var(--awb-color7);--awb-icon-box-color:var(--awb-color4);--awb-toggle-hover-accent-color:var(--awb-color5);--awb-toggle-active-accent-color:var(--awb-color7);--awb-title-font-family:var(--awb-typography1-font-family);--awb-title-font-weight:var(--awb-typography1-font-weight);--awb-title-font-style:var(--awb-typography1-font-style);--awb-title-font-size:16px;--awb-content-font-family:&quot;Outfit&quot;;--awb-content-font-style:normal;--awb-content-font-weight:400;\"><div class=\"panel-group fusion-toggle-icon-boxed\" id=\"accordion-2966-3\"><div class=\"fusion-panel panel-default panel-3be582222e618878a fusion-toggle-has-divider\" style=\"--awb-content-font-size:20px;--awb-content-line-height:1.4;--awb-content-font-family:&quot;Outfit&quot;;--awb-content-font-style:normal;--awb-content-font-weight:400;--awb-title-font-size:20px;--awb-title-line-height:1.4;--awb-title-color:var(--awb-color4);--awb-content-color:var(--awb-color7);\"><div class=\"panel-heading\"><h4 class=\"panel-title toggle\" id=\"toggle_3be582222e618878a\"><a aria-expanded=\"false\" aria-controls=\"3be582222e618878a\" role=\"button\" data-toggle=\"collapse\" data-parent=\"#accordion-2966-3\" data-target=\"#3be582222e618878a\" href=\"#3be582222e618878a\"><span class=\"fusion-toggle-icon-wrapper\" aria-hidden=\"true\"><i class=\"fa-fusion-box active-icon awb-icon-minus\" aria-hidden=\"true\"><\/i><i class=\"fa-fusion-box inactive-icon fa-chevron-down fas\" aria-hidden=\"true\"><\/i><\/span><span class=\"fusion-toggle-heading\">Terme St. Kathrein - Bad Kleinkirchheim<\/span><\/a><\/h4><\/div><div id=\"3be582222e618878a\" class=\"panel-collapse collapse \" aria-labelledby=\"toggle_3be582222e618878a\"><div class=\"panel-body toggle-content fusion-clearfix\">\n<p>Le terme per famiglie nel centro del paese offrono <b>lo scivolo acquatico pi\u00f9 lungo della Carinzia<\/b>, una grande piscina per bambini e rilassanti piscine di acqua calda per grandi e piccini.<\/p>\n<p>Ideale per una giornata piena di movimento e divertimento, indipendentemente dal tempo.<\/p>\n<\/div><\/div><\/div><div class=\"fusion-panel panel-default panel-b949923274e5f0bae fusion-toggle-has-divider\" style=\"--awb-content-font-size:20px;--awb-content-line-height:1.4;--awb-content-font-family:&quot;Outfit&quot;;--awb-content-font-style:normal;--awb-content-font-weight:400;--awb-title-font-size:20px;--awb-title-line-height:1.4;--awb-title-color:var(--awb-color4);--awb-content-color:var(--awb-color7);\"><div class=\"panel-heading\"><h4 class=\"panel-title toggle\" id=\"toggle_b949923274e5f0bae\"><a aria-expanded=\"false\" aria-controls=\"b949923274e5f0bae\" role=\"button\" data-toggle=\"collapse\" data-parent=\"#accordion-2966-3\" data-target=\"#b949923274e5f0bae\" href=\"#b949923274e5f0bae\"><span class=\"fusion-toggle-icon-wrapper\" aria-hidden=\"true\"><i class=\"fa-fusion-box active-icon awb-icon-minus\" aria-hidden=\"true\"><\/i><i class=\"fa-fusion-box inactive-icon fa-chevron-down fas\" aria-hidden=\"true\"><\/i><\/span><span class=\"fusion-toggle-heading\">Thermal R\u00f6merbad - Bad Kleinkirchheim<\/span><\/a><\/h4><\/div><div id=\"b949923274e5f0bae\" class=\"panel-collapse collapse \" aria-labelledby=\"toggle_b949923274e5f0bae\"><div class=\"panel-body toggle-content fusion-clearfix\">\n<p>Benessere per i genitori, divertimento in acqua per i bambini: il R\u00f6merbad vanta diverse piscine, una vista magnifica e un&#8217;area dedicata ai bambini.<\/p>\n<p>Perfetto per ore di relax al chiuso.<\/p>\n<\/div><\/div><\/div><\/div><\/div><\/div><\/div><div class=\"fusion-layout-column fusion_builder_column fusion-builder-column-18 fusion_builder_column_1_2 1_2 fusion-flex-column\" style=\"--awb-bg-size:cover;--awb-width-large:50%;--awb-margin-top-large:0px;--awb-spacing-right-large:3.84%;--awb-margin-bottom-large:20px;--awb-spacing-left-large:3.84%;--awb-width-medium:50%;--awb-order-medium:0;--awb-spacing-right-medium:3.84%;--awb-spacing-left-medium:3.84%;--awb-width-small:100%;--awb-order-small:0;--awb-spacing-right-small:1.92%;--awb-spacing-left-small:1.92%;\"><div class=\"fusion-column-wrapper fusion-column-has-shadow fusion-flex-justify-content-flex-start fusion-content-layout-column\"><div class=\"accordian fusion-accordian\" style=\"margin-top:1em;margin-bottom:1em;--awb-margin-top:1em;--awb-margin-bottom:1em;--awb-border-size:1px;--awb-icon-size:16px;--awb-content-font-size:20px;--awb-icon-alignment:left;--awb-hover-color:var(--awb-color2);--awb-border-color:var(--awb-color3);--awb-background-color:var(--awb-color1);--awb-divider-color:rgba(242,243,245,0);--awb-divider-hover-color:rgba(242,243,245,0);--awb-icon-color:var(--awb-color1);--awb-title-color:var(--awb-color7);--awb-content-color:var(--awb-color7);--awb-icon-box-color:var(--awb-color4);--awb-toggle-hover-accent-color:var(--awb-color5);--awb-toggle-active-accent-color:var(--awb-color7);--awb-title-font-family:var(--awb-typography1-font-family);--awb-title-font-weight:var(--awb-typography1-font-weight);--awb-title-font-style:var(--awb-typography1-font-style);--awb-title-font-size:16px;--awb-content-font-family:&quot;Outfit&quot;;--awb-content-font-style:normal;--awb-content-font-weight:400;\"><div class=\"panel-group fusion-toggle-icon-boxed\" id=\"accordion-2966-4\"><div class=\"fusion-panel panel-default panel-f582e42ecec324334 fusion-toggle-has-divider\" style=\"--awb-content-font-size:20px;--awb-content-line-height:1.4;--awb-content-font-family:&quot;Outfit&quot;;--awb-content-font-style:normal;--awb-content-font-weight:400;--awb-title-font-size:20px;--awb-title-line-height:1.4;--awb-title-color:var(--awb-color4);--awb-content-color:var(--awb-color7);\"><div class=\"panel-heading\"><h4 class=\"panel-title toggle\" id=\"toggle_f582e42ecec324334\"><a aria-expanded=\"false\" aria-controls=\"f582e42ecec324334\" role=\"button\" data-toggle=\"collapse\" data-parent=\"#accordion-2966-4\" data-target=\"#f582e42ecec324334\" href=\"#f582e42ecec324334\"><span class=\"fusion-toggle-icon-wrapper\" aria-hidden=\"true\"><i class=\"fa-fusion-box active-icon awb-icon-minus\" aria-hidden=\"true\"><\/i><i class=\"fa-fusion-box inactive-icon fa-chevron-down fas\" aria-hidden=\"true\"><\/i><\/span><span class=\"fusion-toggle-heading\">Sagamundo \u2013 Casa della Narrazione - D\u00f6briach<\/span><\/a><\/h4><\/div><div id=\"f582e42ecec324334\" class=\"panel-collapse collapse \" aria-labelledby=\"toggle_f582e42ecec324334\"><div class=\"panel-body toggle-content fusion-clearfix\">\n<p>Un <b>museo interattivo esperienziale<\/b> su saghe, miti e fiabe della Carinzia. Con tour di enigmi 3D, stazioni audio e un design fantasioso, Sagamundo entusiasma i bambini dai quattro anni in su ed \u00e8 interessante anche per gli adulti. <\/p>\n<p>\u279c Si prega di verificare sul sito ufficiale di Sagamundo gli <u>orari di apertura attuali<\/u> e i giorni di chiusura in autunno.<\/p>\n<\/div><\/div><\/div><div class=\"fusion-panel panel-default panel-a1409eeab5b406ceb fusion-toggle-has-divider\" style=\"--awb-content-font-size:20px;--awb-content-line-height:1.4;--awb-content-font-family:&quot;Outfit&quot;;--awb-content-font-style:normal;--awb-content-font-weight:400;--awb-title-font-size:20px;--awb-title-line-height:1.4;--awb-title-color:var(--awb-color4);--awb-content-color:var(--awb-color7);\"><div class=\"panel-heading\"><h4 class=\"panel-title toggle\" id=\"toggle_a1409eeab5b406ceb\"><a aria-expanded=\"false\" aria-controls=\"a1409eeab5b406ceb\" role=\"button\" data-toggle=\"collapse\" data-parent=\"#accordion-2966-4\" data-target=\"#a1409eeab5b406ceb\" href=\"#a1409eeab5b406ceb\"><span class=\"fusion-toggle-icon-wrapper\" aria-hidden=\"true\"><i class=\"fa-fusion-box active-icon awb-icon-minus\" aria-hidden=\"true\"><\/i><i class=\"fa-fusion-box inactive-icon fa-chevron-down fas\" aria-hidden=\"true\"><\/i><\/span><span class=\"fusion-toggle-heading\">Holtarium - Radenthein<\/span><\/a><\/h4><\/div><div id=\"a1409eeab5b406ceb\" class=\"panel-collapse collapse \" aria-labelledby=\"toggle_a1409eeab5b406ceb\"><div class=\"panel-body toggle-content fusion-clearfix\">\n<p>Il <b>mondo di giochi in legno<\/b> a Radenthein invita alla scoperta creativa. Numerose stazioni di gioco artigianali realizzate con materiali naturali garantiscono gioco, divertimento e meraviglia \u2013 indipendentemente dal tempo e adatte alle famiglie. <\/p>\n<p>\u279c Gli <u>orari di apertura attuali<\/u> e i giorni di chiusura sono disponibili sul sito web del fornitore.<\/p>\n<\/div><\/div><\/div><\/div><\/div><\/div><\/div><\/div><\/div><div class=\"fusion-fullwidth fullwidth-box fusion-builder-row-13 fusion-flex-container has-pattern-background has-mask-background hundred-percent-fullwidth non-hundred-percent-height-scrolling\" style=\"--awb-border-radius-top-left:0px;--awb-border-radius-top-right:0px;--awb-border-radius-bottom-right:0px;--awb-border-radius-bottom-left:0px;--awb-padding-top:2em;--awb-padding-right:6em;--awb-padding-bottom:4em;--awb-padding-left:6em;--awb-padding-top-small:2em;--awb-padding-right-small:2em;--awb-padding-bottom-small:2em;--awb-padding-left-small:2em;--awb-background-color:var(--awb-color2);--awb-flex-wrap:wrap;\" ><div class=\"fusion-builder-row fusion-row fusion-flex-align-items-flex-start fusion-flex-content-wrap\" style=\"width:104% !important;max-width:104% !important;margin-left: calc(-4% \/ 2 );margin-right: calc(-4% \/ 2 );\"><div class=\"fusion-layout-column fusion_builder_column fusion-builder-column-19 fusion_builder_column_1_2 1_2 fusion-flex-column fusion-flex-align-self-stretch\" style=\"--awb-padding-top:20em;--awb-padding-right:8em;--awb-padding-bottom:1em;--awb-padding-left:8em;--awb-bg-image:url(&#039;https:\/\/www.kirchleitn.com\/wp-content\/uploads\/2025\/10\/familienurlaub-im-herbst-bad-kleinkirchheim.webp&#039;);--awb-bg-position:center center;--awb-bg-size:cover;--awb-width-large:50%;--awb-margin-top-large:0px;--awb-spacing-right-large:0%;--awb-margin-bottom-large:0px;--awb-spacing-left-large:0%;--awb-width-medium:50%;--awb-order-medium:0;--awb-spacing-right-medium:0%;--awb-spacing-left-medium:0%;--awb-width-small:100%;--awb-order-small:0;--awb-spacing-right-small:1.92%;--awb-spacing-left-small:1.92%;\"><div class=\"fusion-column-wrapper fusion-column-has-shadow fusion-flex-justify-content-space-between fusion-content-layout-column fusion-empty-column-bg-image fusion-column-has-bg-image\" data-bg-url=\"https:\/\/www.kirchleitn.com\/wp-content\/uploads\/2025\/10\/familienurlaub-im-herbst-bad-kleinkirchheim.webp\"><img decoding=\"async\" class=\"fusion-empty-dims-img-placeholder\" alt=\"Vacanza in famiglia in autunno in Austria, Carinzia \u2013 Escursionisti sulla croce di vetta sulla Kaiserburg a Bad Kleinkirchheim\" aria-label=\"Escursionisti sulla croce di vetta\" src=\"data:image\/svg+xml,%3Csvg%20xmlns%3D%27http%3A%2F%2Fwww.w3.org%2F2000%2Fsvg%27%20width%3D%271000%27%20height%3D%27667%27%20viewBox%3D%270%200%201000%20667%27%3E%3Crect%20width%3D%271000%27%20height%3D%27667%27%20fill-opacity%3D%220%22%2F%3E%3C%2Fsvg%3E\"><\/div><\/div><div class=\"fusion-layout-column fusion_builder_column fusion-builder-column-20 fusion_builder_column_1_2 1_2 fusion-flex-column\" style=\"--awb-bg-size:cover;--awb-width-large:50%;--awb-margin-top-large:0px;--awb-spacing-right-large:3.84%;--awb-margin-bottom-large:0px;--awb-spacing-left-large:3.84%;--awb-width-medium:50%;--awb-order-medium:0;--awb-spacing-right-medium:3.84%;--awb-spacing-left-medium:3.84%;--awb-width-small:100%;--awb-order-small:0;--awb-spacing-right-small:1.92%;--awb-spacing-left-small:1.92%;\"><div class=\"fusion-column-wrapper fusion-column-has-shadow fusion-flex-justify-content-flex-start fusion-content-layout-column\"><div class=\"fusion-title title fusion-title-17 fusion-sep-none fusion-title-text fusion-title-size-three\" style=\"--awb-margin-top-small:10px;--awb-margin-right-small:0px;--awb-margin-bottom-small:10px;--awb-margin-left-small:0px;--awb-font-size:30px;\"><h3 class=\"fusion-title-heading title-heading-left\" style=\"font-family:&quot;HarlowSerifplane&quot;;font-style:normal;font-weight:400;margin:0;font-size:1em;\">Come si sente davvero l&#8217;autunno dorato in montagna con la famiglia?<\/h3><\/div><div class=\"fusion-title title fusion-title-18 fusion-sep-none fusion-title-text fusion-title-size-three\" style=\"--awb-text-color:var(--awb-color6);--awb-margin-top-small:10px;--awb-margin-right-small:0px;--awb-margin-bottom-small:10px;--awb-margin-left-small:0px;--awb-font-size:22px;\"><h3 class=\"fusion-title-heading title-heading-left\" style=\"font-family:&quot;Outfit&quot;;font-style:normal;font-weight:600;margin:0;font-size:1em;\">Una sensazione di casa in mezzo alla natura<\/h3><\/div><div class=\"fusion-text fusion-text-13\"><p>Il <strong>profumo terroso di muschio umido e pino cembro<\/strong>. Il fruscio leggero sotto piccoli stivali su un morbido suolo forestale. Lo stupore quando un capriolo sfreccia nel sottobosco. E la sera un <strong>posto accanto alla stufa in maiolica<\/strong>, mentre fuori la nebbia scende lentamente nella valle.   <\/p>\n<p>Questa \u00e8 la vacanza autunnale con bambini a Bad Kleinkirchheim, Carinzia.<\/p>\n<p>Al Slow Travel Resort Kirchleitn nasce una vera magia familiare, con tempo per scoprire, vivere e lasciarsi andare.<\/p>\n<p>Circondati da prati, ampi alpeggi e boschi autunnali si creano ricordi che durano. <em>Senza fretta, ma con natura, vicinanza e momenti autentici.<\/em><\/p>\n<\/div><div ><a class=\"fusion-button button-flat fusion-button-default-size button-custom fusion-button-default button-6 fusion-button-default-span fusion-button-default-type\" style=\"--button_accent_color:var(--awb-color1);--button_accent_hover_color:var(--awb-color1);--button_border_hover_color:var(--awb-color1);--button-border-radius-top-left:0;--button-border-radius-top-right:0;--button-border-radius-bottom-right:0;--button-border-radius-bottom-left:0;--button_gradient_top_color:var(--awb-custom_color_1);--button_gradient_bottom_color:var(--awb-custom_color_1);--button_gradient_top_color_hover:var(--awb-color5);--button_gradient_bottom_color_hover:var(--awb-color5);\" target=\"_blank\" rel=\"noopener noreferrer\" data-hover=\"bg_slide_right\" role=\"button\" href=\"https:\/\/www.kirchleitn.com\/it\/richiesta-rapida\/\"><span class=\"fusion-button-text awb-button__text awb-button__text--default fusion-button-text-right\">Richiedi la data desiderata per le vacanze autunnali in Carinzia<\/span><span class=\"fusion-button-icon-divider button-icon-divider-right\"><i class=\"fa-angle-double-right fas awb-button__icon awb-button__icon--default\" aria-hidden=\"true\"><\/i><\/span><\/a><\/div><\/div><\/div><\/div><\/div><div class=\"fusion-fullwidth fullwidth-box fusion-builder-row-14 fusion-flex-container has-pattern-background has-mask-background hundred-percent-fullwidth non-hundred-percent-height-scrolling\" style=\"--awb-border-radius-top-left:0px;--awb-border-radius-top-right:0px;--awb-border-radius-bottom-right:0px;--awb-border-radius-bottom-left:0px;--awb-padding-top:2em;--awb-padding-right:6em;--awb-padding-bottom:4em;--awb-padding-left:6em;--awb-padding-top-small:2em;--awb-padding-right-small:2em;--awb-padding-bottom-small:2em;--awb-padding-left-small:2em;--awb-background-color:var(--awb-color2);--awb-flex-wrap:wrap;\" ><div class=\"fusion-builder-row fusion-row fusion-flex-align-items-flex-start fusion-flex-content-wrap\" style=\"width:104% !important;max-width:104% !important;margin-left: calc(-4% \/ 2 );margin-right: calc(-4% \/ 2 );\"><div class=\"fusion-layout-column fusion_builder_column fusion-builder-column-21 fusion_builder_column_1_2 1_2 fusion-flex-column\" style=\"--awb-bg-size:cover;--awb-width-large:50%;--awb-margin-top-large:0px;--awb-spacing-right-large:3.84%;--awb-margin-bottom-large:0px;--awb-spacing-left-large:3.84%;--awb-width-medium:50%;--awb-order-medium:0;--awb-spacing-right-medium:3.84%;--awb-spacing-left-medium:3.84%;--awb-width-small:100%;--awb-order-small:0;--awb-spacing-right-small:1.92%;--awb-spacing-left-small:1.92%;\"><div class=\"fusion-column-wrapper fusion-column-has-shadow fusion-flex-justify-content-flex-start fusion-content-layout-column\"><div class=\"fusion-title title fusion-title-19 fusion-sep-none fusion-title-text fusion-title-size-three\" style=\"--awb-margin-top-small:10px;--awb-margin-right-small:0px;--awb-margin-bottom-small:10px;--awb-margin-left-small:0px;--awb-font-size:30px;\"><h3 class=\"fusion-title-heading title-heading-left\" style=\"font-family:&quot;HarlowSerifplane&quot;;font-style:normal;font-weight:400;margin:0;font-size:1em;\">Perch\u00e9 Kirchleitn \u00e8 il luogo perfetto per le tue vacanze in famiglia in autunno in Austria?<\/h3><\/div><div class=\"fusion-title title fusion-title-20 fusion-sep-none fusion-title-text fusion-title-size-three\" style=\"--awb-text-color:var(--awb-color6);--awb-margin-top-small:10px;--awb-margin-right-small:0px;--awb-margin-bottom-small:10px;--awb-margin-left-small:0px;--awb-font-size:22px;\"><h3 class=\"fusion-title-heading title-heading-left\" style=\"font-family:&quot;Outfit&quot;;font-style:normal;font-weight:600;margin:0;font-size:1em;\">Perch\u00e9 qui i bambini possono semplicemente essere bambini e i genitori trovano la pace<\/h3><\/div><div class=\"fusion-text fusion-text-14\"><div class=\"elementor-element elementor-element-f536e30 elementor-widget elementor-widget-heading\" data-id=\"f536e30\" data-element_type=\"widget\" data-widget_type=\"heading.default\">\n<p>Kirchleitn non \u00e8 un hotel. <b>\u00c8 un villaggio turistico.<\/b> Uno spazio protetto e ispiratore per grandi e piccini.<\/p>\n<p>Che sia scatenandosi al parco giochi, passeggiando nel paesaggio autunnale o osservando caprioli e marmotte nel <strong>Parco della Biosfera Nockberge<\/strong> \u2013 ogni giorno qui diventa una <strong>piccola avventura<\/strong>. E la sera si cucina insieme, si ride e ci si rilassa accanto alla stufa in maiolica \u2013 come a casa, solo pi\u00f9 bello. <\/p>\n<\/div>\n<div class=\"elementor-element elementor-element-acc84d9 elementor-widget elementor-widget-text-editor\" data-id=\"acc84d9\" data-element_type=\"widget\" data-widget_type=\"text-editor.default\">\n<div class=\"elementor-widget-container\">\n<p><strong>I tuoi vantaggi Kirchleitn a colpo d&#8217;occhio:<\/strong><\/p>\n<ul>\n<li><strong>Appartamenti <a href=\"https:\/\/www.kirchleitn.com\/it\/\">vacanze<\/a><\/strong> rustici con stufa in maiolica, cucina e ampio soggiorno<\/li>\n<li><strong>Parchi giochi sicuri<\/strong> nel cuore del villaggio senza auto<\/li>\n<li><strong>Sala giochi interna<\/strong> per accoglienti giornate di maltempo<\/li>\n<li>Accesso diretto alla natura, a <strong>sentieri escursionistici e funivie<\/strong><\/li>\n<\/ul>\n<\/div>\n<\/div>\n<\/div><\/div><\/div><div class=\"fusion-layout-column fusion_builder_column fusion-builder-column-22 fusion_builder_column_1_2 1_2 fusion-flex-column fusion-flex-align-self-stretch\" style=\"--awb-padding-top:20em;--awb-padding-right:8em;--awb-padding-bottom:1em;--awb-padding-left:8em;--awb-bg-image:url(&#039;https:\/\/www.kirchleitn.com\/wp-content\/uploads\/2025\/10\/familienurlaub-im-herbst-oesterreich-feriendorf.webp&#039;);--awb-bg-position:center center;--awb-bg-size:cover;--awb-width-large:50%;--awb-margin-top-large:0px;--awb-spacing-right-large:0%;--awb-margin-bottom-large:0px;--awb-spacing-left-large:0%;--awb-width-medium:50%;--awb-order-medium:0;--awb-spacing-right-medium:0%;--awb-spacing-left-medium:0%;--awb-width-small:100%;--awb-order-small:0;--awb-spacing-right-small:1.92%;--awb-spacing-left-small:1.92%;\"><div class=\"fusion-column-wrapper fusion-column-has-shadow fusion-flex-justify-content-space-between fusion-content-layout-column fusion-empty-column-bg-image fusion-column-has-bg-image\" data-bg-url=\"https:\/\/www.kirchleitn.com\/wp-content\/uploads\/2025\/10\/familienurlaub-im-herbst-oesterreich-feriendorf.webp\"><img decoding=\"async\" class=\"fusion-empty-dims-img-placeholder\" alt=\"Familienurlaub im Herbst in \u00d6sterreich, K\u00e4rnten \u2013 Kinder spielen am Outdoorspielplatz mit Sand und Wasser im Feriendorf Kirchleitn\" aria-label=\"Outdoorspielplatz im Feriendorf Kirchleitn\" src=\"data:image\/svg+xml,%3Csvg%20xmlns%3D%27http%3A%2F%2Fwww.w3.org%2F2000%2Fsvg%27%20width%3D%271000%27%20height%3D%27667%27%20viewBox%3D%270%200%201000%20667%27%3E%3Crect%20width%3D%271000%27%20height%3D%27667%27%20fill-opacity%3D%220%22%2F%3E%3C%2Fsvg%3E\"><\/div><\/div><\/div><\/div><div class=\"fusion-fullwidth fullwidth-box fusion-builder-row-15 fusion-flex-container has-pattern-background has-mask-background hundred-percent-fullwidth non-hundred-percent-height-scrolling\" style=\"--awb-border-radius-top-left:0px;--awb-border-radius-top-right:0px;--awb-border-radius-bottom-right:0px;--awb-border-radius-bottom-left:0px;--awb-padding-top:2em;--awb-padding-right:6em;--awb-padding-bottom:2em;--awb-padding-left:6em;--awb-padding-top-small:2em;--awb-padding-right-small:2em;--awb-padding-bottom-small:2em;--awb-padding-left-small:2em;--awb-margin-bottom-small:0px;--awb-background-color:#f3f2ef;--awb-background-color-small:var(--awb-color2);--awb-flex-wrap:wrap;\" ><div class=\"fusion-builder-row fusion-row fusion-flex-align-items-flex-start fusion-flex-content-wrap\" style=\"width:104% !important;max-width:104% !important;margin-left: calc(-4% \/ 2 );margin-right: calc(-4% \/ 2 );\"><div class=\"fusion-layout-column fusion_builder_column fusion-builder-column-23 fusion_builder_column_1_1 1_1 fusion-flex-column\" style=\"--awb-bg-size:cover;--awb-width-large:100%;--awb-margin-top-large:0px;--awb-spacing-right-large:1.92%;--awb-margin-bottom-large:20px;--awb-spacing-left-large:1.92%;--awb-width-medium:100%;--awb-order-medium:0;--awb-spacing-right-medium:1.92%;--awb-spacing-left-medium:1.92%;--awb-width-small:100%;--awb-order-small:0;--awb-spacing-right-small:1.92%;--awb-spacing-left-small:1.92%;\"><div class=\"fusion-column-wrapper fusion-column-has-shadow fusion-flex-justify-content-flex-start fusion-content-layout-column\"><div class=\"fusion-title title fusion-title-21 fusion-sep-none fusion-title-text fusion-title-size-three\" style=\"--awb-margin-top-small:10px;--awb-margin-right-small:0px;--awb-margin-bottom-small:10px;--awb-margin-left-small:0px;--awb-font-size:30px;\"><h3 class=\"fusion-title-heading title-heading-left\" style=\"font-family:&quot;HarlowSerifplane&quot;;font-style:normal;font-weight:400;margin:0;font-size:1em;\">Appartamenti vacanze per le tue vacanze autunnali a Bad Kleinkirchheim, Carinzia<\/h3><\/div><\/div><\/div><div class=\"fusion-layout-column fusion_builder_column fusion-builder-column-24 fusion_builder_column_1_3 1_3 fusion-flex-column fusion-flex-align-self-stretch\" style=\"--awb-padding-top:1em;--awb-bg-color:rgba(124,159,137,0.28);--awb-bg-color-hover:rgba(124,159,137,0.28);--awb-bg-size:cover;--awb-width-large:33.3333333333%;--awb-margin-top-large:0px;--awb-spacing-right-large:1em;--awb-margin-bottom-large:0px;--awb-spacing-left-large:1em;--awb-width-medium:33.3333333333%;--awb-order-medium:0;--awb-spacing-right-medium:1em;--awb-spacing-left-medium:1em;--awb-width-small:100%;--awb-order-small:1;--awb-margin-top-small:2em;--awb-spacing-right-small:1.92%;--awb-spacing-left-small:1.92%;\"><div class=\"fusion-column-wrapper fusion-column-has-shadow fusion-flex-justify-content-space-between fusion-content-layout-column\"><div class=\"fusion-title title fusion-title-22 fusion-sep-none fusion-title-highlight fusion-animate-once fusion-highlight-underline fusion-title-size-three\" style=\"--awb-text-color:var(--awb-color7);--awb-highlight-color:var(--awb-color5);--awb-margin-top:0px;--awb-margin-right:1em;--awb-margin-bottom:0.5em;--awb-margin-left:1em;--awb-margin-top-small:10px;--awb-margin-right-small:1em;--awb-margin-bottom-small:10px;--awb-margin-left-small:1em;--awb-font-size:30px;\" data-highlight=\"underline\"><h3 class=\"fusion-title-heading title-heading-left\" style=\"font-family:&quot;HarlowSerifplane&quot;;font-style:normal;font-weight:400;margin:0;font-size:1em;line-height:1.4;\"><span class=\"fusion-highlighted-text-prefix\">Appartamento per vacanze<\/span> <span class=\"fusion-highlighted-text-wrapper\"><span class=\"fusion-highlighted-text\" style=\"color:var(--awb-color7);\">Rosennock<\/span><svg xmlns=\"http:\/\/www.w3.org\/2000\/svg\" viewBox=\"0 0 500 150\" preserveAspectRatio=\"none\"><path d=\"M8.1,146.2c0,0,240.6-55.6,479-13.8\"><\/path><\/svg><\/span> <span class=\"fusion-highlighted-text-postfix\">a Bad Kleinkirchheim Carinzia<\/span><\/h3><\/div><div class=\"fusion-image-element \" style=\"--awb-margin-top:0px;--awb-margin-right:0px;--awb-margin-bottom:1em;--awb-margin-left:0px;--awb-caption-title-font-family:var(--h2_typography-font-family);--awb-caption-title-font-weight:var(--h2_typography-font-weight);--awb-caption-title-font-style:var(--h2_typography-font-style);--awb-caption-title-size:var(--h2_typography-font-size);--awb-caption-title-transform:var(--h2_typography-text-transform);--awb-caption-title-line-height:var(--h2_typography-line-height);--awb-caption-title-letter-spacing:var(--h2_typography-letter-spacing);\"><span class=\" fusion-imageframe imageframe-none imageframe-1 hover-type-none\"><img decoding=\"async\" width=\"667\" height=\"445\" alt=\"Appartamenti vacanze Rosennock a Bad Kleinkirchheim con area salotto e stufa in maiolica nello Slow Travel Resort Kirchleitn a Bad Kleinkirchheim.\" title=\"Appartamento Rosennock\" src=\"https:\/\/www.kirchleitn.com\/wp-content\/uploads\/2025\/09\/Rosenock_Mallnock\u00a9Slow-Travel-Resort_31.jpg\" class=\"img-responsive wp-image-2487\" srcset=\"https:\/\/www.kirchleitn.com\/wp-content\/uploads\/2025\/09\/Rosenock_Mallnock\u00a9Slow-Travel-Resort_31-200x133.jpg 200w, https:\/\/www.kirchleitn.com\/wp-content\/uploads\/2025\/09\/Rosenock_Mallnock\u00a9Slow-Travel-Resort_31-400x267.jpg 400w, https:\/\/www.kirchleitn.com\/wp-content\/uploads\/2025\/09\/Rosenock_Mallnock\u00a9Slow-Travel-Resort_31-600x400.jpg 600w, https:\/\/www.kirchleitn.com\/wp-content\/uploads\/2025\/09\/Rosenock_Mallnock\u00a9Slow-Travel-Resort_31.jpg 667w\" sizes=\"(max-width: 640px) 100vw, 400px\" \/><\/span><\/div><div class=\"fusion-text fusion-text-15\" style=\"--awb-margin-right:1em;--awb-margin-left:1.5em;--awb-text-font-family:&quot;Outfit&quot;;--awb-text-font-style:normal;--awb-text-font-weight:600;\"><p><strong><em><span style=\"color: var(--awb-color5);\">Vivere comodamente in uno spazio ridotto<\/span><br \/><span style=\"color: #333333;\">Circa 35 m\u00b2 | Per 1\u20134 persone<\/span><\/em><\/strong><\/p>\n<\/div><div class=\"fusion-text fusion-text-16\" style=\"--awb-text-color:var(--awb-color7);--awb-margin-right:1em;--awb-margin-left:1.5em;\"><p>Una camera da letto, un accogliente soggiorno con stufa in maiolica e letto matrimoniale aggiuntivo, cucina, bagno e WC separato.<\/p>\n<p>Ideale per famiglie con neonati, bambini in et\u00e0 scolare o adolescenti e naturalmente anche per tutti coloro che viaggiano con un cane.<\/p>\n<\/div><div ><a class=\"fusion-button button-flat fusion-button-default-size button-custom fusion-button-default button-7 fusion-button-span-yes fusion-button-default-type\" style=\"--awb-margin-top:1em;--awb-margin-right:1em;--awb-margin-bottom:2em;--awb-margin-left:1em;--button_accent_color:var(--awb-color1);--button_accent_hover_color:var(--awb-color1);--button_border_hover_color:var(--awb-color1);--button-border-radius-top-left:0;--button-border-radius-top-right:0;--button-border-radius-bottom-right:0;--button-border-radius-bottom-left:0;--button_gradient_top_color:var(--awb-custom_color_1);--button_gradient_bottom_color:var(--awb-custom_color_1);--button_gradient_top_color_hover:var(--awb-color5);--button_gradient_bottom_color_hover:var(--awb-color5);\" target=\"_self\" data-hover=\"bg_slide_right\" role=\"button\" href=\"https:\/\/www.kirchleitn.com\/it\/appartamento-rosennock\/\"><span class=\"fusion-button-text awb-button__text awb-button__text--default fusion-button-text-right\">Dettagli sull&#8217;appartamento Rosennock<\/span><span class=\"fusion-button-icon-divider button-icon-divider-right\"><i class=\"fa-bed fas awb-button__icon awb-button__icon--default\" aria-hidden=\"true\"><\/i><\/span><\/a><\/div><\/div><\/div><div class=\"fusion-layout-column fusion_builder_column fusion-builder-column-25 fusion_builder_column_1_3 1_3 fusion-flex-column fusion-flex-align-self-stretch\" style=\"--awb-padding-top:1em;--awb-bg-color:rgba(124,159,137,0.18);--awb-bg-color-hover:rgba(124,159,137,0.18);--awb-bg-size:cover;--awb-width-large:33.3333333333%;--awb-margin-top-large:0px;--awb-spacing-right-large:1em;--awb-margin-bottom-large:0px;--awb-spacing-left-large:1em;--awb-width-medium:33.3333333333%;--awb-order-medium:0;--awb-spacing-right-medium:1em;--awb-spacing-left-medium:1em;--awb-width-small:100%;--awb-order-small:0;--awb-spacing-right-small:1.92%;--awb-spacing-left-small:1.92%;\"><div class=\"fusion-column-wrapper fusion-column-has-shadow fusion-flex-justify-content-space-between fusion-content-layout-column\"><div class=\"fusion-title title fusion-title-23 fusion-sep-none fusion-title-highlight fusion-animate-once fusion-highlight-underline fusion-title-size-three\" style=\"--awb-text-color:var(--awb-color7);--awb-margin-top:0px;--awb-margin-right:1em;--awb-margin-bottom:1.1em;--awb-margin-left:1em;--awb-margin-top-small:10px;--awb-margin-right-small:1em;--awb-margin-bottom-small:10px;--awb-margin-left-small:1em;--awb-font-size:30px;\" data-highlight=\"underline\"><h3 class=\"fusion-title-heading title-heading-left\" style=\"font-family:&quot;HarlowSerifplane&quot;;font-style:normal;font-weight:400;margin:0;font-size:1em;line-height:1.4;\"><span class=\"fusion-highlighted-text-prefix\">Appartamento per vacanze<\/span> <span class=\"fusion-highlighted-text-wrapper\"><span class=\"fusion-highlighted-text\" style=\"color:var(--awb-color7);\">Mirnnock<\/span><svg xmlns=\"http:\/\/www.w3.org\/2000\/svg\" viewBox=\"0 0 500 150\" preserveAspectRatio=\"none\"><path d=\"M8.1,146.2c0,0,240.6-55.6,479-13.8\"><\/path><\/svg><\/span> <span class=\"fusion-highlighted-text-postfix\">a Bad Kleinkirchheim Carinzia<\/span><\/h3><\/div><div class=\"fusion-image-element \" style=\"--awb-margin-top:0px;--awb-margin-right:0px;--awb-margin-bottom:1em;--awb-margin-left:0px;--awb-caption-title-font-family:var(--h2_typography-font-family);--awb-caption-title-font-weight:var(--h2_typography-font-weight);--awb-caption-title-font-style:var(--h2_typography-font-style);--awb-caption-title-size:var(--h2_typography-font-size);--awb-caption-title-transform:var(--h2_typography-text-transform);--awb-caption-title-line-height:var(--h2_typography-line-height);--awb-caption-title-letter-spacing:var(--h2_typography-letter-spacing);\"><span class=\" fusion-imageframe imageframe-none imageframe-2 hover-type-none\"><img decoding=\"async\" width=\"667\" height=\"445\" alt=\"Accoglienti appartamenti vacanze a Bad Kleinkirchheim &quot;Mirnock&quot; con stufa in maiolica e zona pranzo nello Slow Travel Resort Kirchleitn a Bad Kleinkirchheim.\" title=\"Appartamento Mirnock\" src=\"https:\/\/www.kirchleitn.com\/wp-content\/uploads\/2025\/09\/Appartment_Mirnock.jpg\" class=\"img-responsive wp-image-2488\" srcset=\"https:\/\/www.kirchleitn.com\/wp-content\/uploads\/2025\/09\/Appartment_Mirnock-200x133.jpg 200w, https:\/\/www.kirchleitn.com\/wp-content\/uploads\/2025\/09\/Appartment_Mirnock-400x267.jpg 400w, https:\/\/www.kirchleitn.com\/wp-content\/uploads\/2025\/09\/Appartment_Mirnock-600x400.jpg 600w, https:\/\/www.kirchleitn.com\/wp-content\/uploads\/2025\/09\/Appartment_Mirnock.jpg 667w\" sizes=\"(max-width: 640px) 100vw, 400px\" \/><\/span><\/div><div class=\"fusion-text fusion-text-17\" style=\"--awb-margin-right:1em;--awb-margin-left:1.5em;--awb-text-font-family:&quot;Outfit&quot;;--awb-text-font-style:normal;--awb-text-font-weight:600;\"><p><strong><em><span style=\"color: var(--awb-color5);\">Con balcone e vista sulle montagne<\/span><br \/><span style=\"color: #333333;\">Circa 35 m\u00b2 | Per 1\u20134 persone<\/span><\/em><\/strong><\/p>\n<\/div><div class=\"fusion-text fusion-text-18\" style=\"--awb-margin-right:1em;--awb-margin-left:1.5em;\"><p data-start=\"0\" data-end=\"175\">Situato al primo piano con balcone, una camera da letto (con letto matrimoniale), cucina, accogliente soggiorno con divano letto estraibile e stufa in maiolica, e bagno con WC separato. Adatto a coppie con bambini, piccole famiglie o nonni con nipoti che amano vivere in montagna senza rinunciare al comfort. <\/p>\n<\/div><div ><a class=\"fusion-button button-flat fusion-button-default-size button-custom fusion-button-default button-8 fusion-button-span-yes fusion-button-default-type\" style=\"--awb-margin-top:1em;--awb-margin-right:1em;--awb-margin-bottom:2em;--awb-margin-left:1em;--button_accent_color:var(--awb-color1);--button_accent_hover_color:var(--awb-color1);--button_border_hover_color:var(--awb-color1);--button-border-radius-top-left:0;--button-border-radius-top-right:0;--button-border-radius-bottom-right:0;--button-border-radius-bottom-left:0;--button_gradient_top_color:var(--awb-custom_color_1);--button_gradient_bottom_color:var(--awb-custom_color_1);--button_gradient_top_color_hover:var(--awb-color5);--button_gradient_bottom_color_hover:var(--awb-color5);\" target=\"_self\" data-hover=\"bg_slide_right\" role=\"button\" href=\"https:\/\/www.kirchleitn.com\/it\/appartamento-mirnock\/\"><span class=\"fusion-button-text awb-button__text awb-button__text--default fusion-button-text-right\">Dettagli sull&#8217;appartamento Mirnock<\/span><span class=\"fusion-button-icon-divider button-icon-divider-right\"><i class=\"fa-bed fas awb-button__icon awb-button__icon--default\" aria-hidden=\"true\"><\/i><\/span><\/a><\/div><\/div><\/div><div class=\"fusion-layout-column fusion_builder_column fusion-builder-column-26 fusion_builder_column_1_3 1_3 fusion-flex-column fusion-flex-align-self-stretch\" style=\"--awb-padding-top:1em;--awb-bg-color:rgba(124,159,137,0.08);--awb-bg-color-hover:rgba(124,159,137,0.08);--awb-bg-size:cover;--awb-width-large:33.3333333333%;--awb-margin-top-large:0px;--awb-spacing-right-large:1em;--awb-margin-bottom-large:0px;--awb-spacing-left-large:1em;--awb-width-medium:33.3333333333%;--awb-order-medium:0;--awb-spacing-right-medium:1em;--awb-spacing-left-medium:1em;--awb-width-small:100%;--awb-order-small:2;--awb-margin-top-small:2em;--awb-spacing-right-small:1.92%;--awb-spacing-left-small:1.92%;\"><div class=\"fusion-column-wrapper fusion-column-has-shadow fusion-flex-justify-content-space-between fusion-content-layout-column\"><div class=\"fusion-title title fusion-title-24 fusion-sep-none fusion-title-highlight fusion-animate-once fusion-highlight-underline fusion-title-size-three\" style=\"--awb-text-color:var(--awb-color7);--awb-highlight-color:var(--awb-color5);--awb-margin-top:0px;--awb-margin-right:1em;--awb-margin-bottom:1.05em;--awb-margin-left:1em;--awb-margin-top-small:10px;--awb-margin-right-small:1em;--awb-margin-bottom-small:10px;--awb-margin-left-small:1em;--awb-font-size:30px;\" data-highlight=\"underline\"><h3 class=\"fusion-title-heading title-heading-left\" style=\"font-family:&quot;HarlowSerifplane&quot;;font-style:normal;font-weight:400;margin:0;font-size:1em;line-height:1.4;\"><span class=\"fusion-highlighted-text-prefix\">Appartamento per vacanze<\/span> <span class=\"fusion-highlighted-text-wrapper\"><span class=\"fusion-highlighted-text\" style=\"color:var(--awb-color7);\">Kolmnock<\/span><svg xmlns=\"http:\/\/www.w3.org\/2000\/svg\" viewBox=\"0 0 500 150\" preserveAspectRatio=\"none\"><path d=\"M8.1,146.2c0,0,240.6-55.6,479-13.8\"><\/path><\/svg><\/span> <span class=\"fusion-highlighted-text-postfix\">a Bad Kleinkirchheim Carinzia<\/span><\/h3><\/div><div class=\"fusion-image-element \" style=\"--awb-margin-top:0px;--awb-margin-right:0px;--awb-margin-bottom:0px;--awb-margin-left:1.em;--awb-caption-title-font-family:var(--h2_typography-font-family);--awb-caption-title-font-weight:var(--h2_typography-font-weight);--awb-caption-title-font-style:var(--h2_typography-font-style);--awb-caption-title-size:var(--h2_typography-font-size);--awb-caption-title-transform:var(--h2_typography-text-transform);--awb-caption-title-line-height:var(--h2_typography-line-height);--awb-caption-title-letter-spacing:var(--h2_typography-letter-spacing);\"><span class=\" fusion-imageframe imageframe-none imageframe-3 hover-type-none\"><img decoding=\"async\" width=\"667\" height=\"445\" alt=\"Appartamenti per vacanze per famiglie in Carinzia, vista sull&#039;accogliente soggiorno dell&#039;appartamento per vacanze allo Slow Travel Resort\" title=\"Appartamento Kolmnock\" src=\"https:\/\/www.kirchleitn.com\/wp-content\/uploads\/2025\/09\/Kolmnock\u00a9Slow-Travel-Resort_34.jpg\" class=\"img-responsive wp-image-2489\" srcset=\"https:\/\/www.kirchleitn.com\/wp-content\/uploads\/2025\/09\/Kolmnock\u00a9Slow-Travel-Resort_34-200x133.jpg 200w, https:\/\/www.kirchleitn.com\/wp-content\/uploads\/2025\/09\/Kolmnock\u00a9Slow-Travel-Resort_34-400x267.jpg 400w, https:\/\/www.kirchleitn.com\/wp-content\/uploads\/2025\/09\/Kolmnock\u00a9Slow-Travel-Resort_34-600x400.jpg 600w, https:\/\/www.kirchleitn.com\/wp-content\/uploads\/2025\/09\/Kolmnock\u00a9Slow-Travel-Resort_34.jpg 667w\" sizes=\"(max-width: 640px) 100vw, 400px\" \/><\/span><\/div><div class=\"fusion-text fusion-text-19\" style=\"--awb-margin-right:1em;--awb-margin-left:1.5em;--awb-text-font-family:&quot;Outfit&quot;;--awb-text-font-style:normal;--awb-text-font-weight:600;\"><p><strong><em><span style=\"color: #cc8800;\">Molto spazio per un piacevole tempo in famiglia<\/span><br \/><span style=\"color: #333333;\">Circa 55 m\u00b2 | Per 1\u20136 persone<\/span><\/em><\/strong><\/p>\n<\/div><div class=\"fusion-text fusion-text-20\" style=\"--awb-margin-right:1em;--awb-margin-left:1.5em;\"><p>Due camere da letto, ampio soggiorno con stufa in maiolica, cucina, bagno e WC separato.<\/p>\n<p>Ideale per famiglie pi\u00f9 numerose, coppie di amici con bambini o per tutti coloro che apprezzano semplicemente un po&#8217; pi\u00f9 di spazio per ritirarsi e rilassarsi.<\/p>\n<\/div><div ><a class=\"fusion-button button-flat fusion-button-default-size button-custom fusion-button-default button-9 fusion-button-span-yes fusion-button-default-type\" style=\"--awb-margin-top:1em;--awb-margin-right:1em;--awb-margin-bottom:2em;--awb-margin-left:1em;--button_accent_color:var(--awb-color1);--button_accent_hover_color:var(--awb-color1);--button_border_hover_color:var(--awb-color1);--button-border-radius-top-left:0;--button-border-radius-top-right:0;--button-border-radius-bottom-right:0;--button-border-radius-bottom-left:0;--button_gradient_top_color:var(--awb-custom_color_1);--button_gradient_bottom_color:var(--awb-custom_color_1);--button_gradient_top_color_hover:var(--awb-color5);--button_gradient_bottom_color_hover:var(--awb-color5);\" target=\"_self\" data-hover=\"bg_slide_right\" role=\"button\" href=\"https:\/\/www.kirchleitn.com\/it\/appartamento-kolmnock\/\"><span class=\"fusion-button-text awb-button__text awb-button__text--default fusion-button-text-right\">Dettagli sull&#8217;appartamento Kolmnock<\/span><span class=\"fusion-button-icon-divider button-icon-divider-right\"><i class=\"fa-bed fas awb-button__icon awb-button__icon--default\" aria-hidden=\"true\"><\/i><\/span><\/a><\/div><\/div><\/div><\/div><\/div><div class=\"fusion-fullwidth fullwidth-box fusion-builder-row-16 fusion-flex-container has-pattern-background has-mask-background hundred-percent-fullwidth non-hundred-percent-height-scrolling\" style=\"--awb-border-radius-top-left:0px;--awb-border-radius-top-right:0px;--awb-border-radius-bottom-right:0px;--awb-border-radius-bottom-left:0px;--awb-padding-left:0px;--awb-padding-right-small:0px;--awb-flex-wrap:wrap;\" ><div class=\"fusion-builder-row fusion-row fusion-flex-align-items-stretch fusion-flex-justify-content-space-between fusion-flex-content-wrap\" style=\"width:104% !important;max-width:104% !important;margin-left: calc(-4% \/ 2 );margin-right: calc(-4% \/ 2 );\"><div class=\"fusion-layout-column fusion_builder_column fusion-builder-column-27 fusion_builder_column_1_2 1_2 fusion-flex-column fusion-flex-align-self-stretch\" style=\"--awb-padding-top:4em;--awb-padding-right:8em;--awb-padding-bottom:4em;--awb-padding-left:8em;--awb-padding-top-small:2em;--awb-padding-right-small:2em;--awb-padding-bottom-small:2em;--awb-padding-left-small:2em;--awb-bg-color:var(--awb-color2);--awb-bg-color-hover:var(--awb-color2);--awb-bg-size:cover;--awb-width-large:50%;--awb-margin-top-large:0px;--awb-spacing-right-large:0%;--awb-margin-bottom-large:0px;--awb-spacing-left-large:0%;--awb-width-medium:50%;--awb-order-medium:0;--awb-spacing-right-medium:0%;--awb-spacing-left-medium:0%;--awb-width-small:100%;--awb-order-small:0;--awb-spacing-right-small:1.92%;--awb-spacing-left-small:1.92%;\"><div class=\"fusion-column-wrapper fusion-column-has-shadow fusion-flex-justify-content-space-between fusion-content-layout-column\"><div class=\"fusion-text fusion-text-21 fusion-text-no-margin\" style=\"--awb-font-size:30px;--awb-letter-spacing:0px;--awb-text-color:var(--awb-color4);--awb-margin-top:0px;--awb-margin-right:0px;--awb-margin-bottom:0px;--awb-margin-left:0px;--awb-text-font-family:&quot;HarlowSerifRegluar&quot;;--awb-text-font-style:normal;--awb-text-font-weight:400;\"><p>FAQ sulle vacanze autunnali con bambini in Carinzia<\/p>\n<\/div><div class=\"accordian fusion-accordian\" style=\"margin-top:1em;margin-bottom:1em;--awb-margin-top:1em;--awb-margin-bottom:1em;--awb-border-size:1px;--awb-icon-size:16px;--awb-content-font-size:20px;--awb-icon-alignment:left;--awb-hover-color:var(--awb-color2);--awb-border-color:var(--awb-color3);--awb-background-color:var(--awb-color1);--awb-divider-color:rgba(242,243,245,0);--awb-divider-hover-color:rgba(242,243,245,0);--awb-icon-color:var(--awb-color1);--awb-title-color:var(--awb-color7);--awb-content-color:var(--awb-color7);--awb-icon-box-color:var(--awb-color4);--awb-toggle-hover-accent-color:var(--awb-color5);--awb-toggle-active-accent-color:var(--awb-color7);--awb-title-font-family:var(--awb-typography1-font-family);--awb-title-font-weight:var(--awb-typography1-font-weight);--awb-title-font-style:var(--awb-typography1-font-style);--awb-title-font-size:16px;--awb-content-font-family:&quot;Outfit&quot;;--awb-content-font-style:normal;--awb-content-font-weight:400;\"><div class=\"panel-group fusion-toggle-icon-boxed\" id=\"accordion-2966-5\"><div class=\"fusion-panel panel-default panel-66981561df3c0d781 fusion-toggle-has-divider\" style=\"--awb-content-font-size:20px;--awb-content-line-height:1.4;--awb-content-font-family:&quot;Outfit&quot;;--awb-content-font-style:normal;--awb-content-font-weight:400;--awb-title-font-size:20px;--awb-title-line-height:1.4;--awb-title-color:var(--awb-color4);--awb-content-color:var(--awb-color7);\"><div class=\"panel-heading\"><h4 class=\"panel-title toggle\" id=\"toggle_66981561df3c0d781\"><a aria-expanded=\"false\" aria-controls=\"66981561df3c0d781\" role=\"button\" data-toggle=\"collapse\" data-parent=\"#accordion-2966-5\" data-target=\"#66981561df3c0d781\" href=\"#66981561df3c0d781\"><span class=\"fusion-toggle-icon-wrapper\" aria-hidden=\"true\"><i class=\"fa-fusion-box active-icon awb-icon-minus\" aria-hidden=\"true\"><\/i><i class=\"fa-fusion-box inactive-icon awb-icon-plus\" aria-hidden=\"true\"><\/i><\/span><span class=\"fusion-toggle-heading\">Dove posso portare il mio cane in vacanza in autunno?<\/span><\/a><\/h4><\/div><div id=\"66981561df3c0d781\" class=\"panel-collapse collapse \" aria-labelledby=\"toggle_66981561df3c0d781\"><div class=\"panel-body toggle-content fusion-clearfix\">\n<p>Al Slow Travel Resort Kirchleitn in Carinzia i <a href=\"https:\/\/www.kirchleitn.com\/urlaub-mit-hund\/\">cani in vacanza<\/a> sono i benvenuti. Molti sentieri escursionistici intorno a Bad Kleinkirchheim sono ideali per passeggiate autunnali con il cane. Si prega di indicare al momento della prenotazione che viaggi con un amico a quattro zampe, in modo da poter preparare l&#8217;appartamento di conseguenza.   <em>Per ogni appartamento vacanze sono ammessi al massimo due cani.<\/em><\/p>\n<\/div><\/div><\/div><div class=\"fusion-panel panel-default panel-b2a27aa3af2749af6 fusion-toggle-has-divider\" style=\"--awb-content-font-size:20px;--awb-content-line-height:1.4;--awb-content-font-family:&quot;Outfit&quot;;--awb-content-font-style:normal;--awb-content-font-weight:400;--awb-title-font-size:20px;--awb-title-line-height:1.4;--awb-title-color:var(--awb-color4);--awb-content-color:var(--awb-color7);\"><div class=\"panel-heading\"><h4 class=\"panel-title toggle\" id=\"toggle_b2a27aa3af2749af6\"><a aria-expanded=\"false\" aria-controls=\"b2a27aa3af2749af6\" role=\"button\" data-toggle=\"collapse\" data-parent=\"#accordion-2966-5\" data-target=\"#b2a27aa3af2749af6\" href=\"#b2a27aa3af2749af6\"><span class=\"fusion-toggle-icon-wrapper\" aria-hidden=\"true\"><i class=\"fa-fusion-box active-icon awb-icon-minus\" aria-hidden=\"true\"><\/i><i class=\"fa-fusion-box inactive-icon awb-icon-plus\" aria-hidden=\"true\"><\/i><\/span><span class=\"fusion-toggle-heading\">Dove \u00e8 pi\u00f9 bello in autunno con i bambini?<\/span><\/a><\/h4><\/div><div id=\"b2a27aa3af2749af6\" class=\"panel-collapse collapse \" aria-labelledby=\"toggle_b2a27aa3af2749af6\"><div class=\"panel-body toggle-content fusion-clearfix\">\n<p>Una vacanza in famiglia in autunno in Austria \u00e8 particolarmente consigliata a Bad Kleinkirchheim. I dolci Nockberge, molte mete escursionistiche e sentieri adatti ai bambini rendono le vacanze autunnali in Carinzia particolarmente variegate e a contatto con la natura. <\/p>\n<\/div><\/div><\/div><div class=\"fusion-panel panel-default panel-d141a433703baba3e fusion-toggle-has-divider\" style=\"--awb-content-font-size:20px;--awb-content-line-height:1.4;--awb-content-font-family:&quot;Outfit&quot;;--awb-content-font-style:normal;--awb-content-font-weight:400;--awb-title-font-size:20px;--awb-title-line-height:1.4;--awb-title-color:var(--awb-color4);--awb-content-color:var(--awb-color7);\"><div class=\"panel-heading\"><h4 class=\"panel-title toggle\" id=\"toggle_d141a433703baba3e\"><a aria-expanded=\"false\" aria-controls=\"d141a433703baba3e\" role=\"button\" data-toggle=\"collapse\" data-parent=\"#accordion-2966-5\" data-target=\"#d141a433703baba3e\" href=\"#d141a433703baba3e\"><span class=\"fusion-toggle-icon-wrapper\" aria-hidden=\"true\"><i class=\"fa-fusion-box active-icon awb-icon-minus\" aria-hidden=\"true\"><\/i><i class=\"fa-fusion-box inactive-icon awb-icon-plus\" aria-hidden=\"true\"><\/i><\/span><span class=\"fusion-toggle-heading\">Quali localit\u00e0 turistiche in Austria sono adatte alle famiglie?<\/span><\/a><\/h4><\/div><div id=\"d141a433703baba3e\" class=\"panel-collapse collapse \" aria-labelledby=\"toggle_d141a433703baba3e\"><div class=\"panel-body toggle-content fusion-clearfix\">\n<p>Bad Kleinkirchheim in Carinzia \u00e8 una delle localit\u00e0 turistiche pi\u00f9 adatte alle famiglie per una vacanza autunnale con bambini in Austria. Il villaggio turistico senza auto Kirchleitn offre spaziosi appartamenti vacanze, aree giochi sicure e accesso diretto a boschi, montagne ed esperienze nella natura. <\/p>\n<\/div><\/div><\/div><div class=\"fusion-panel panel-default panel-026f29736ecfbd7cc fusion-toggle-has-divider\" style=\"--awb-content-font-size:20px;--awb-content-line-height:1.4;--awb-content-font-family:&quot;Outfit&quot;;--awb-content-font-style:normal;--awb-content-font-weight:400;--awb-title-font-size:20px;--awb-title-line-height:1.4;--awb-title-color:var(--awb-color4);--awb-content-color:var(--awb-color7);\"><div class=\"panel-heading\"><h4 class=\"panel-title toggle\" id=\"toggle_026f29736ecfbd7cc\"><a aria-expanded=\"false\" aria-controls=\"026f29736ecfbd7cc\" role=\"button\" data-toggle=\"collapse\" data-parent=\"#accordion-2966-5\" data-target=\"#026f29736ecfbd7cc\" href=\"#026f29736ecfbd7cc\"><span class=\"fusion-toggle-icon-wrapper\" aria-hidden=\"true\"><i class=\"fa-fusion-box active-icon awb-icon-minus\" aria-hidden=\"true\"><\/i><i class=\"fa-fusion-box inactive-icon awb-icon-plus\" aria-hidden=\"true\"><\/i><\/span><span class=\"fusion-toggle-heading\">Quale Land in Austria \u00e8 il pi\u00f9 bello in autunno?<\/span><\/a><\/h4><\/div><div id=\"026f29736ecfbd7cc\" class=\"panel-collapse collapse \" aria-labelledby=\"toggle_026f29736ecfbd7cc\"><div class=\"panel-body toggle-content fusion-clearfix\">\n<p>La Carinzia \u00e8 considerata uno dei L\u00e4nder pi\u00f9 belli per le vacanze autunnali in Austria. Temperature miti, sentieri facili, ampi alpeggi e boschi colorati creano condizioni ideali per le famiglie. Intorno a Bad Kleinkirchheim ti aspettano natura, tranquillit\u00e0 e molte possibilit\u00e0 di escursioni.  <\/p>\n<\/div><\/div><\/div><div class=\"fusion-panel panel-default panel-52078488a573c9e8e fusion-toggle-has-divider\" style=\"--awb-content-font-size:20px;--awb-content-line-height:1.4;--awb-content-font-family:&quot;Outfit&quot;;--awb-content-font-style:normal;--awb-content-font-weight:400;--awb-title-font-size:20px;--awb-title-line-height:1.4;--awb-title-color:var(--awb-color4);--awb-content-color:var(--awb-color7);\"><div class=\"panel-heading\"><h4 class=\"panel-title toggle\" id=\"toggle_52078488a573c9e8e\"><a aria-expanded=\"false\" aria-controls=\"52078488a573c9e8e\" role=\"button\" data-toggle=\"collapse\" data-parent=\"#accordion-2966-5\" data-target=\"#52078488a573c9e8e\" href=\"#52078488a573c9e8e\"><span class=\"fusion-toggle-icon-wrapper\" aria-hidden=\"true\"><i class=\"fa-fusion-box active-icon awb-icon-minus\" aria-hidden=\"true\"><\/i><i class=\"fa-fusion-box inactive-icon awb-icon-plus\" aria-hidden=\"true\"><\/i><\/span><span class=\"fusion-toggle-heading\">Quali luoghi sono ideali per le vacanze autunnali con bambini?<\/span><\/a><\/h4><\/div><div id=\"52078488a573c9e8e\" class=\"panel-collapse collapse \" aria-labelledby=\"toggle_52078488a573c9e8e\"><div class=\"panel-body toggle-content fusion-clearfix\">\n<p>Bad Kleinkirchheim in Carinzia \u00e8 ideale per una pausa autunnale con i bambini. Dolci colline, rifugi alpini facilmente raggiungibili, sentieri adatti ai bambini, emozionanti mete escursionistiche nella regione e calde terme offrono variet\u00e0 e relax per grandi e piccini. <\/p>\n<\/div><\/div><\/div><div class=\"fusion-panel panel-default panel-d4530c50b5eb6f81b fusion-toggle-has-divider\" style=\"--awb-content-font-size:20px;--awb-content-line-height:1.4;--awb-content-font-family:&quot;Outfit&quot;;--awb-content-font-style:normal;--awb-content-font-weight:400;--awb-title-font-size:20px;--awb-title-line-height:1.4;--awb-title-color:var(--awb-color4);--awb-content-color:var(--awb-color7);\"><div class=\"panel-heading\"><h4 class=\"panel-title toggle\" id=\"toggle_d4530c50b5eb6f81b\"><a aria-expanded=\"false\" aria-controls=\"d4530c50b5eb6f81b\" role=\"button\" data-toggle=\"collapse\" data-parent=\"#accordion-2966-5\" data-target=\"#d4530c50b5eb6f81b\" href=\"#d4530c50b5eb6f81b\"><span class=\"fusion-toggle-icon-wrapper\" aria-hidden=\"true\"><i class=\"fa-fusion-box active-icon awb-icon-minus\" aria-hidden=\"true\"><\/i><i class=\"fa-fusion-box inactive-icon awb-icon-plus\" aria-hidden=\"true\"><\/i><\/span><span class=\"fusion-toggle-heading\">Dove andare in Austria durante le vacanze autunnali con i bambini?<\/span><\/a><\/h4><\/div><div id=\"d4530c50b5eb6f81b\" class=\"panel-collapse collapse \" aria-labelledby=\"toggle_d4530c50b5eb6f81b\"><div class=\"panel-body toggle-content fusion-clearfix\">\n<p>Chi viaggia con bambini durante le vacanze autunnali trova nei Nockberge della Carinzia il mix perfetto di natura, tranquillit\u00e0 e piccole avventure. Osservare insieme gli animali, passeggiare nel bosco, respirare l&#8217;aria fresca di montagna e semplicemente godersi il tempo in famiglia nel villaggio turistico Kirchleitn. <\/p>\n<\/div><\/div><\/div><div class=\"fusion-panel panel-default panel-c5b645fd2ea05dbd4 fusion-toggle-has-divider\" style=\"--awb-content-font-size:20px;--awb-content-line-height:1.4;--awb-content-font-family:&quot;Outfit&quot;;--awb-content-font-style:normal;--awb-content-font-weight:400;--awb-title-font-size:20px;--awb-title-line-height:1.4;--awb-title-color:var(--awb-color4);--awb-content-color:var(--awb-color7);\"><div class=\"panel-heading\"><h4 class=\"panel-title toggle\" id=\"toggle_c5b645fd2ea05dbd4\"><a aria-expanded=\"false\" aria-controls=\"c5b645fd2ea05dbd4\" role=\"button\" data-toggle=\"collapse\" data-parent=\"#accordion-2966-5\" data-target=\"#c5b645fd2ea05dbd4\" href=\"#c5b645fd2ea05dbd4\"><span class=\"fusion-toggle-icon-wrapper\" aria-hidden=\"true\"><i class=\"fa-fusion-box active-icon awb-icon-minus\" aria-hidden=\"true\"><\/i><i class=\"fa-fusion-box inactive-icon awb-icon-plus\" aria-hidden=\"true\"><\/i><\/span><span class=\"fusion-toggle-heading\">In quale stagione la Carinzia \u00e8 pi\u00f9 bella?<\/span><\/a><\/h4><\/div><div id=\"c5b645fd2ea05dbd4\" class=\"panel-collapse collapse \" aria-labelledby=\"toggle_c5b645fd2ea05dbd4\"><div class=\"panel-body toggle-content fusion-clearfix\">\n<p>La Carinzia ha qualcosa di speciale da offrire in ogni stagione. L&#8217;autunno incanta con boschi colorati e sentieri tranquilli, la primavera con il verde fresco e la natura che si risveglia. In <a href=\"https:\/\/www.kirchleitn.com\/it\/vacanze-estive-in-famiglia-carinzia\/\">vacanza estiva<\/a>, laghi cristallini e dolci paesaggi montani invitano al relax e alla scoperta. In <a href=\"https:\/\/www.kirchleitn.com\/it\/vacanze-invernali\/\">vacanza invernale<\/a>, <a href=\"https:\/\/www.kirchleitn.com\/it\/vacanza-sulla-neve-per-famiglie-a-bad-kleinkirchheim\/\">piste innevate per sciare<\/a>, stufe in maiolica scoppiettanti e terme benefiche attirano.   <\/p>\n<\/div><\/div><\/div><div class=\"fusion-panel panel-default panel-9ee1a92ead4c85022 fusion-toggle-has-divider\" style=\"--awb-content-font-size:20px;--awb-content-line-height:1.4;--awb-content-font-family:&quot;Outfit&quot;;--awb-content-font-style:normal;--awb-content-font-weight:400;--awb-title-font-size:20px;--awb-title-line-height:1.4;--awb-title-color:var(--awb-color4);--awb-content-color:var(--awb-color7);\"><div class=\"panel-heading\"><h4 class=\"panel-title toggle\" id=\"toggle_9ee1a92ead4c85022\"><a aria-expanded=\"false\" aria-controls=\"9ee1a92ead4c85022\" role=\"button\" data-toggle=\"collapse\" data-parent=\"#accordion-2966-5\" data-target=\"#9ee1a92ead4c85022\" href=\"#9ee1a92ead4c85022\"><span class=\"fusion-toggle-icon-wrapper\" aria-hidden=\"true\"><i class=\"fa-fusion-box active-icon awb-icon-minus\" aria-hidden=\"true\"><\/i><i class=\"fa-fusion-box inactive-icon awb-icon-plus\" aria-hidden=\"true\"><\/i><\/span><span class=\"fusion-toggle-heading\">Dove posso trascorrere le vacanze autunnali in Austria indisturbato e senza bambini?<\/span><\/a><\/h4><\/div><div id=\"9ee1a92ead4c85022\" class=\"panel-collapse collapse \" aria-labelledby=\"toggle_9ee1a92ead4c85022\"><div class=\"panel-body toggle-content fusion-clearfix\">\n<p>Chi desidera godersi in tutta tranquillit\u00e0 le <a href=\"https:\/\/www.beimoswald.com\/herbsturlaub-in-kaernten-oesterreich\/\" target=\"_blank\" rel=\"noopener\">vacanze autunnali in Carinzia<\/a>, trova nel vicino <a href=\"https:\/\/www.beimoswald.com\/\" target=\"_blank\" rel=\"noopener\">villaggio turistico \u201cBeim Oswald\u201d<\/a> il rifugio ideale. A pochi minuti a piedi dalla Brunnachbahn ti aspettano appartamenti vacanze rustici immersi nella natura, senza alcun trambusto. <\/p>\n<\/div><\/div><\/div><\/div><\/div><\/div><\/div><div class=\"fusion-layout-column fusion_builder_column fusion-builder-column-28 fusion_builder_column_1_2 1_2 fusion-flex-column fusion-flex-align-self-stretch\" style=\"--awb-bg-image:url(&#039;https:\/\/www.kirchleitn.com\/wp-content\/uploads\/2025\/10\/familienurlaub-herbst-feriendorf-bad-kleinkirchheim-4.webp&#039;);--awb-bg-position:center center;--awb-bg-size:cover;--awb-width-large:50%;--awb-margin-top-large:0px;--awb-spacing-right-large:0%;--awb-margin-bottom-large:0px;--awb-spacing-left-large:0%;--awb-width-medium:50%;--awb-order-medium:0;--awb-spacing-right-medium:0%;--awb-spacing-left-medium:0%;--awb-width-small:100%;--awb-order-small:0;--awb-spacing-right-small:1.92%;--awb-spacing-left-small:1.92%;\"><div class=\"fusion-column-wrapper fusion-column-has-shadow fusion-flex-justify-content-space-between fusion-content-layout-column fusion-empty-column-bg-image fusion-column-has-bg-image\" data-bg-url=\"https:\/\/www.kirchleitn.com\/wp-content\/uploads\/2025\/10\/familienurlaub-herbst-feriendorf-bad-kleinkirchheim-4.webp\"><img decoding=\"async\" class=\"fusion-empty-dims-img-placeholder fusion-no-large-visibility fusion-no-medium-visibility\" alt=\"Familienurlaub im Herbst in \u00d6sterreich, K\u00e4rnten \u2013 Feriendorf Kirchleitn umgeben von goldgelben W\u00e4ldern und bunten B\u00e4umen\" aria-label=\"Feriendorf Kirchleitn im Herbst\" src=\"data:image\/svg+xml,%3Csvg%20xmlns%3D%27http%3A%2F%2Fwww.w3.org%2F2000%2Fsvg%27%20width%3D%271920%27%20height%3D%271280%27%20viewBox%3D%270%200%201920%201280%27%3E%3Crect%20width%3D%271920%27%20height%3D%271280%27%20fill-opacity%3D%220%22%2F%3E%3C%2Fsvg%3E\"><\/div><\/div><\/div><\/div><\/p>\n","protected":false},"excerpt":{"rendered":"","protected":false},"author":3,"featured_media":2969,"comment_status":"closed","ping_status":"closed","sticky":false,"template":"","format":"standard","meta":{"footnotes":""},"categories":[36],"tags":[],"class_list":["post-2966","post","type-post","status-publish","format-standard","has-post-thumbnail","hentry","category-vacanze-autunnali"],"_links":{"self":[{"href":"https:\/\/www.kirchleitn.com\/it\/wp-json\/wp\/v2\/posts\/2966","targetHints":{"allow":["GET"]}}],"collection":[{"href":"https:\/\/www.kirchleitn.com\/it\/wp-json\/wp\/v2\/posts"}],"about":[{"href":"https:\/\/www.kirchleitn.com\/it\/wp-json\/wp\/v2\/types\/post"}],"author":[{"embeddable":true,"href":"https:\/\/www.kirchleitn.com\/it\/wp-json\/wp\/v2\/users\/3"}],"replies":[{"embeddable":true,"href":"https:\/\/www.kirchleitn.com\/it\/wp-json\/wp\/v2\/comments?post=2966"}],"version-history":[{"count":0,"href":"https:\/\/www.kirchleitn.com\/it\/wp-json\/wp\/v2\/posts\/2966\/revisions"}],"wp:featuredmedia":[{"embeddable":true,"href":"https:\/\/www.kirchleitn.com\/it\/wp-json\/wp\/v2\/media\/2969"}],"wp:attachment":[{"href":"https:\/\/www.kirchleitn.com\/it\/wp-json\/wp\/v2\/media?parent=2966"}],"wp:term":[{"taxonomy":"category","embeddable":true,"href":"https:\/\/www.kirchleitn.com\/it\/wp-json\/wp\/v2\/categories?post=2966"},{"taxonomy":"post_tag","embeddable":true,"href":"https:\/\/www.kirchleitn.com\/it\/wp-json\/wp\/v2\/tags?post=2966"}],"curies":[{"name":"wp","href":"https:\/\/api.w.org\/{rel}","templated":true}]}}